{"id":62635,"date":"2021-11-17T10:29:53","date_gmt":"2021-11-17T09:29:53","guid":{"rendered":"http:\/\/turismo.benicassim.es\/black-friday-en-benicassim-informate-de-nuestras-interesantes-ofertas\/"},"modified":"2021-11-19T09:38:52","modified_gmt":"2021-11-19T08:38:52","slug":"black-friday-en-benicassim-informate-de-nuestras-interesantes-ofertas","status":"publish","type":"post","link":"https:\/\/turismo.benicassim.es\/en\/black-friday-en-benicassim-informate-de-nuestras-interesantes-ofertas\/","title":{"rendered":"Black Friday en Benic\u00e0ssim: Inf\u00f3rmate de nuestras interesantes ofertas"},"content":{"rendered":"<p class=\"western\" align=\"justify\">El <b>Black Friday<\/b> llega a <b>Benic\u00e0ssim<\/b>. Presta mucha atenci\u00f3n a los importantes <b>descuentos<\/b> que puedes obtener si contratas estos d\u00edas alojamientos, paquetes o actividades en Benic\u00e0ssim, servicios de los que podr\u00e1s disfrutar desde el momento de la contrataci\u00f3n hasta el 30 de junio de 2022.<\/p>\n<p class=\"western\" align=\"justify\">Del <b>22 al 30 de noviembre<\/b> en nuestro portal podr\u00e1s contratar toda clase de servicios (alojamiento, actividades, paquetes\u2026) con <b>descuentos<\/b> que oscilan entre el <b>5 % y el 8%.<\/b><\/p>\n<p class=\"western\" align=\"justify\">En concreto, si contratas uno de nuestros <b>paquetes<\/b> o solo <b>alojamiento<\/b>, el descuento asciende a un 8% y si te decides a contratar una de nuestras <b>actividades<\/b>, obtendr\u00e1s un descuento del 5%.<\/p>\n<p class=\"western\" align=\"justify\">En ambos casos, el descuento es v\u00e1lido si contratas el paquete, el alojamiento o la actividad para <b>antes del 30 de junio de 2022<\/b>.<\/p>\n<p class=\"western\" align=\"justify\">La mec\u00e1nica para realizar la reserva es la habitual: escoges el servicio deseado, seleccionas las fechas (siempre antes del 30 de junio de 2022) y aplicas el <b>c\u00f3digo <\/b>promocional <b>BENICASSIM-BLACKFRIDAY21<\/b>. Autom\u00e1ticamente, el sistema recalcular\u00e1 el precio de la reserva y abonar\u00e1s el precio con el descuento.<\/p>\n<p class=\"western\" align=\"justify\">Porque el Black Friday va m\u00e1s all\u00e1 de los productos tecnol\u00f3gicos o la ropa, llega tambi\u00e9n a tu <b>tiempo de ocio<\/b>. <span style=\"color: #000000;\">Gracias a las excepcionales caracter\u00edsticas del <\/span><span style=\"color: #000000;\"><b>clima<\/b><\/span><span style=\"color: #000000;\"> de <\/span><span style=\"color: #000000;\"><b>Benic\u00e0ssim<\/b><\/span><span style=\"color: #000000;\">, podr\u00e1s disfrutar de tu estancia con buen tiempo (casi seguro).<\/span><\/p>\n<p class=\"western\" align=\"justify\">Hasta puedes aprovechar alguno de los <b>puentes<\/b> o sorprender a tu pareja por <b>San Valent\u00edn<\/b>. Si te fijas, encontrar\u00e1s algunos de nuestros paquetes o actividades muy adecuadas para la ocasi\u00f3n. Ah\u00ed lo dejamos.<\/p>\n<p class=\"western\" align=\"justify\">Con <b>BENICASSIM-BLACKFRIDAY21<\/b> puedes <b>reservar<\/b> tu estancia y programar tus actividades en <b>Semana Santa y Pascua<\/b>, para viajes en pareja, con amigos o en familia. En nuestra web vas a encontrar una variada oferta que seguro se adapta a tus necesidades.<\/p>\n<p class=\"western\" align=\"justify\">No dejes pasar esta <b>propuesta<\/b> y adel\u00e1ntate para reservar tu estancia en Benic\u00e0ssim (hasta el 30 de junio de 2022) los d\u00edas 27, 28 y 29 de noviembre y obtendr\u00e1s interesantes <b>descuentos.<\/b><\/p>\n<p align=\"justify\"><a href=\"https:\/\/www.benicassimexperiences.com\/es\/inicio.html\"><strong>RESERVA AQU\u00cd<\/strong><\/a><\/p>\n","protected":false},"excerpt":{"rendered":"<p>El Black Friday llega a Benic\u00e0ssim. Presta mucha atenci\u00f3n a los importantes descuentos que puedes obtener si contratas estos d\u00edas alojamientos, paquetes o actividades en Benic\u00e0ssim, servicios de los que podr\u00e1s disfrutar desde el momento de la contrataci\u00f3n hasta el 30 de junio de 2022. Del 22 al 30 de noviembre en nuestro portal podr\u00e1s [&hellip;]<\/p>\n","protected":false},"author":4,"featured_media":62637,"comment_status":"open","ping_status":"open","sticky":false,"template":"","format":"standard","meta":{"_acf_changed":false,"footnotes":""},"categories":[103],"tags":[],"class_list":["post-62635","post","type-post","status-publish","format-standard","has-post-thumbnail","hentry","category-uncategorized"],"acf":[],"yoast_head":"<!-- This site is optimized with the Yoast SEO plugin v27.4 - https:\/\/yoast.com\/product\/yoast-seo-wordpress\/ -->\n<title>Black Friday en Benic\u00e0ssim: Inf\u00f3rmate de nuestras interesantes ofertas - Benic\u00e0ssim Turismo<\/title>\n<meta name=\"robots\" content=\"index, follow, max-snippet:-1, max-image-preview:large, max-video-preview:-1\" \/>\n<link rel=\"canonical\" href=\"https:\/\/turismo.benicassim.es\/en\/black-friday-en-benicassim-informate-de-nuestras-interesantes-ofertas\/\" \/>\n<meta property=\"og:locale\" content=\"en_US\" \/>\n<meta property=\"og:type\" content=\"article\" \/>\n<meta property=\"og:title\" content=\"Black Friday en Benic\u00e0ssim: Inf\u00f3rmate de nuestras interesantes ofertas - Benic\u00e0ssim Turismo\" \/>\n<meta property=\"og:description\" content=\"El Black Friday llega a Benic\u00e0ssim. Presta mucha atenci\u00f3n a los importantes descuentos que puedes obtener si contratas estos d\u00edas alojamientos, paquetes o actividades en Benic\u00e0ssim, servicios de los que podr\u00e1s disfrutar desde el momento de la contrataci\u00f3n hasta el 30 de junio de 2022. Del 22 al 30 de noviembre en nuestro portal podr\u00e1s [&hellip;]\" \/>\n<meta property=\"og:url\" content=\"https:\/\/turismo.benicassim.es\/en\/black-friday-en-benicassim-informate-de-nuestras-interesantes-ofertas\/\" \/>\n<meta property=\"og:site_name\" content=\"Benic\u00e0ssim Turismo\" \/>\n<meta property=\"article:published_time\" content=\"2021-11-17T09:29:53+00:00\" \/>\n<meta property=\"article:modified_time\" content=\"2021-11-19T08:38:52+00:00\" \/>\n<meta property=\"og:image\" content=\"https:\/\/turismo.benicassim.es\/wp-content\/uploads\/2021\/11\/Black-Friday-Bd-web.jpg\" \/>\n\t<meta property=\"og:image:width\" content=\"1566\" \/>\n\t<meta property=\"og:image:height\" content=\"1044\" \/>\n\t<meta property=\"og:image:type\" content=\"image\/jpeg\" \/>\n<meta name=\"author\" content=\"Benic\u00e0ssim Turismo\" \/>\n<meta name=\"twitter:card\" content=\"summary_large_image\" \/>\n<meta name=\"twitter:label1\" content=\"Written by\" \/>\n\t<meta name=\"twitter:data1\" content=\"Benic\u00e0ssim Turismo\" \/>\n\t<meta name=\"twitter:label2\" content=\"Est. reading time\" \/>\n\t<meta name=\"twitter:data2\" content=\"2 minutes\" \/>\n<script type=\"application\/ld+json\" class=\"yoast-schema-graph\">{\"@context\":\"https:\\\/\\\/schema.org\",\"@graph\":[{\"@type\":\"Article\",\"@id\":\"https:\\\/\\\/turismo.benicassim.es\\\/en\\\/black-friday-en-benicassim-informate-de-nuestras-interesantes-ofertas\\\/#article\",\"isPartOf\":{\"@id\":\"https:\\\/\\\/turismo.benicassim.es\\\/en\\\/black-friday-en-benicassim-informate-de-nuestras-interesantes-ofertas\\\/\"},\"author\":{\"name\":\"Benic\u00e0ssim Turismo\",\"@id\":\"https:\\\/\\\/turismo.benicassim.es\\\/en\\\/#\\\/schema\\\/person\\\/cc80f60d0d1b6d6495dbb482ebb77150\"},\"headline\":\"Black Friday en Benic\u00e0ssim: Inf\u00f3rmate de nuestras interesantes ofertas\",\"datePublished\":\"2021-11-17T09:29:53+00:00\",\"dateModified\":\"2021-11-19T08:38:52+00:00\",\"mainEntityOfPage\":{\"@id\":\"https:\\\/\\\/turismo.benicassim.es\\\/en\\\/black-friday-en-benicassim-informate-de-nuestras-interesantes-ofertas\\\/\"},\"wordCount\":342,\"commentCount\":0,\"image\":{\"@id\":\"https:\\\/\\\/turismo.benicassim.es\\\/en\\\/black-friday-en-benicassim-informate-de-nuestras-interesantes-ofertas\\\/#primaryimage\"},\"thumbnailUrl\":\"https:\\\/\\\/turismo.benicassim.es\\\/wp-content\\\/uploads\\\/2021\\\/11\\\/Black-Friday-Bd-web.jpg\",\"inLanguage\":\"en-US\",\"potentialAction\":[{\"@type\":\"CommentAction\",\"name\":\"Comment\",\"target\":[\"https:\\\/\\\/turismo.benicassim.es\\\/en\\\/black-friday-en-benicassim-informate-de-nuestras-interesantes-ofertas\\\/#respond\"]}]},{\"@type\":\"WebPage\",\"@id\":\"https:\\\/\\\/turismo.benicassim.es\\\/en\\\/black-friday-en-benicassim-informate-de-nuestras-interesantes-ofertas\\\/\",\"url\":\"https:\\\/\\\/turismo.benicassim.es\\\/en\\\/black-friday-en-benicassim-informate-de-nuestras-interesantes-ofertas\\\/\",\"name\":\"Black Friday en Benic\u00e0ssim: Inf\u00f3rmate de nuestras interesantes ofertas - Benic\u00e0ssim Turismo\",\"isPartOf\":{\"@id\":\"https:\\\/\\\/turismo.benicassim.es\\\/en\\\/#website\"},\"primaryImageOfPage\":{\"@id\":\"https:\\\/\\\/turismo.benicassim.es\\\/en\\\/black-friday-en-benicassim-informate-de-nuestras-interesantes-ofertas\\\/#primaryimage\"},\"image\":{\"@id\":\"https:\\\/\\\/turismo.benicassim.es\\\/en\\\/black-friday-en-benicassim-informate-de-nuestras-interesantes-ofertas\\\/#primaryimage\"},\"thumbnailUrl\":\"https:\\\/\\\/turismo.benicassim.es\\\/wp-content\\\/uploads\\\/2021\\\/11\\\/Black-Friday-Bd-web.jpg\",\"datePublished\":\"2021-11-17T09:29:53+00:00\",\"dateModified\":\"2021-11-19T08:38:52+00:00\",\"author\":{\"@id\":\"https:\\\/\\\/turismo.benicassim.es\\\/en\\\/#\\\/schema\\\/person\\\/cc80f60d0d1b6d6495dbb482ebb77150\"},\"breadcrumb\":{\"@id\":\"https:\\\/\\\/turismo.benicassim.es\\\/en\\\/black-friday-en-benicassim-informate-de-nuestras-interesantes-ofertas\\\/#breadcrumb\"},\"inLanguage\":\"en-US\",\"potentialAction\":[{\"@type\":\"ReadAction\",\"target\":[\"https:\\\/\\\/turismo.benicassim.es\\\/en\\\/black-friday-en-benicassim-informate-de-nuestras-interesantes-ofertas\\\/\"]}]},{\"@type\":\"ImageObject\",\"inLanguage\":\"en-US\",\"@id\":\"https:\\\/\\\/turismo.benicassim.es\\\/en\\\/black-friday-en-benicassim-informate-de-nuestras-interesantes-ofertas\\\/#primaryimage\",\"url\":\"https:\\\/\\\/turismo.benicassim.es\\\/wp-content\\\/uploads\\\/2021\\\/11\\\/Black-Friday-Bd-web.jpg\",\"contentUrl\":\"https:\\\/\\\/turismo.benicassim.es\\\/wp-content\\\/uploads\\\/2021\\\/11\\\/Black-Friday-Bd-web.jpg\",\"width\":1566,\"height\":1044},{\"@type\":\"BreadcrumbList\",\"@id\":\"https:\\\/\\\/turismo.benicassim.es\\\/en\\\/black-friday-en-benicassim-informate-de-nuestras-interesantes-ofertas\\\/#breadcrumb\",\"itemListElement\":[{\"@type\":\"ListItem\",\"position\":1,\"name\":\"Inicio\",\"item\":\"https:\\\/\\\/turismo.benicassim.es\\\/en\\\/\"},{\"@type\":\"ListItem\",\"position\":2,\"name\":\"Black Friday en Benic\u00e0ssim: Inf\u00f3rmate de nuestras interesantes ofertas\"}]},{\"@type\":\"WebSite\",\"@id\":\"https:\\\/\\\/turismo.benicassim.es\\\/en\\\/#website\",\"url\":\"https:\\\/\\\/turismo.benicassim.es\\\/en\\\/\",\"name\":\"Benic\u00e0ssim Turismo\",\"description\":\"Web de informaci\u00f3n de Turismo en Benicasim\",\"potentialAction\":[{\"@type\":\"SearchAction\",\"target\":{\"@type\":\"EntryPoint\",\"urlTemplate\":\"https:\\\/\\\/turismo.benicassim.es\\\/en\\\/?s={search_term_string}\"},\"query-input\":{\"@type\":\"PropertyValueSpecification\",\"valueRequired\":true,\"valueName\":\"search_term_string\"}}],\"inLanguage\":\"en-US\"},{\"@type\":\"Person\",\"@id\":\"https:\\\/\\\/turismo.benicassim.es\\\/en\\\/#\\\/schema\\\/person\\\/cc80f60d0d1b6d6495dbb482ebb77150\",\"name\":\"Benic\u00e0ssim Turismo\",\"image\":{\"@type\":\"ImageObject\",\"inLanguage\":\"en-US\",\"@id\":\"https:\\\/\\\/secure.gravatar.com\\\/avatar\\\/fb5faeea4214cf3915791705829013307818cf2deb083008adf9a43dd4fa66cc?s=96&d=mm&r=g\",\"url\":\"https:\\\/\\\/secure.gravatar.com\\\/avatar\\\/fb5faeea4214cf3915791705829013307818cf2deb083008adf9a43dd4fa66cc?s=96&d=mm&r=g\",\"contentUrl\":\"https:\\\/\\\/secure.gravatar.com\\\/avatar\\\/fb5faeea4214cf3915791705829013307818cf2deb083008adf9a43dd4fa66cc?s=96&d=mm&r=g\",\"caption\":\"Benic\u00e0ssim Turismo\"},\"url\":\"https:\\\/\\\/turismo.benicassim.es\\\/en\\\/author\\\/turismo\\\/\"}]}<\/script>\n<!-- \/ Yoast SEO plugin. -->","yoast_head_json":{"title":"Black Friday en Benic\u00e0ssim: Inf\u00f3rmate de nuestras interesantes ofertas - Benic\u00e0ssim Turismo","robots":{"index":"index","follow":"follow","max-snippet":"max-snippet:-1","max-image-preview":"max-image-preview:large","max-video-preview":"max-video-preview:-1"},"canonical":"https:\/\/turismo.benicassim.es\/en\/black-friday-en-benicassim-informate-de-nuestras-interesantes-ofertas\/","og_locale":"en_US","og_type":"article","og_title":"Black Friday en Benic\u00e0ssim: Inf\u00f3rmate de nuestras interesantes ofertas - Benic\u00e0ssim Turismo","og_description":"El Black Friday llega a Benic\u00e0ssim. Presta mucha atenci\u00f3n a los importantes descuentos que puedes obtener si contratas estos d\u00edas alojamientos, paquetes o actividades en Benic\u00e0ssim, servicios de los que podr\u00e1s disfrutar desde el momento de la contrataci\u00f3n hasta el 30 de junio de 2022. Del 22 al 30 de noviembre en nuestro portal podr\u00e1s [&hellip;]","og_url":"https:\/\/turismo.benicassim.es\/en\/black-friday-en-benicassim-informate-de-nuestras-interesantes-ofertas\/","og_site_name":"Benic\u00e0ssim Turismo","article_published_time":"2021-11-17T09:29:53+00:00","article_modified_time":"2021-11-19T08:38:52+00:00","og_image":[{"width":1566,"height":1044,"url":"https:\/\/turismo.benicassim.es\/wp-content\/uploads\/2021\/11\/Black-Friday-Bd-web.jpg","type":"image\/jpeg"}],"author":"Benic\u00e0ssim Turismo","twitter_card":"summary_large_image","twitter_misc":{"Written by":"Benic\u00e0ssim Turismo","Est. reading time":"2 minutes"},"schema":{"@context":"https:\/\/schema.org","@graph":[{"@type":"Article","@id":"https:\/\/turismo.benicassim.es\/en\/black-friday-en-benicassim-informate-de-nuestras-interesantes-ofertas\/#article","isPartOf":{"@id":"https:\/\/turismo.benicassim.es\/en\/black-friday-en-benicassim-informate-de-nuestras-interesantes-ofertas\/"},"author":{"name":"Benic\u00e0ssim Turismo","@id":"https:\/\/turismo.benicassim.es\/en\/#\/schema\/person\/cc80f60d0d1b6d6495dbb482ebb77150"},"headline":"Black Friday en Benic\u00e0ssim: Inf\u00f3rmate de nuestras interesantes ofertas","datePublished":"2021-11-17T09:29:53+00:00","dateModified":"2021-11-19T08:38:52+00:00","mainEntityOfPage":{"@id":"https:\/\/turismo.benicassim.es\/en\/black-friday-en-benicassim-informate-de-nuestras-interesantes-ofertas\/"},"wordCount":342,"commentCount":0,"image":{"@id":"https:\/\/turismo.benicassim.es\/en\/black-friday-en-benicassim-informate-de-nuestras-interesantes-ofertas\/#primaryimage"},"thumbnailUrl":"https:\/\/turismo.benicassim.es\/wp-content\/uploads\/2021\/11\/Black-Friday-Bd-web.jpg","inLanguage":"en-US","potentialAction":[{"@type":"CommentAction","name":"Comment","target":["https:\/\/turismo.benicassim.es\/en\/black-friday-en-benicassim-informate-de-nuestras-interesantes-ofertas\/#respond"]}]},{"@type":"WebPage","@id":"https:\/\/turismo.benicassim.es\/en\/black-friday-en-benicassim-informate-de-nuestras-interesantes-ofertas\/","url":"https:\/\/turismo.benicassim.es\/en\/black-friday-en-benicassim-informate-de-nuestras-interesantes-ofertas\/","name":"Black Friday en Benic\u00e0ssim: Inf\u00f3rmate de nuestras interesantes ofertas - Benic\u00e0ssim Turismo","isPartOf":{"@id":"https:\/\/turismo.benicassim.es\/en\/#website"},"primaryImageOfPage":{"@id":"https:\/\/turismo.benicassim.es\/en\/black-friday-en-benicassim-informate-de-nuestras-interesantes-ofertas\/#primaryimage"},"image":{"@id":"https:\/\/turismo.benicassim.es\/en\/black-friday-en-benicassim-informate-de-nuestras-interesantes-ofertas\/#primaryimage"},"thumbnailUrl":"https:\/\/turismo.benicassim.es\/wp-content\/uploads\/2021\/11\/Black-Friday-Bd-web.jpg","datePublished":"2021-11-17T09:29:53+00:00","dateModified":"2021-11-19T08:38:52+00:00","author":{"@id":"https:\/\/turismo.benicassim.es\/en\/#\/schema\/person\/cc80f60d0d1b6d6495dbb482ebb77150"},"breadcrumb":{"@id":"https:\/\/turismo.benicassim.es\/en\/black-friday-en-benicassim-informate-de-nuestras-interesantes-ofertas\/#breadcrumb"},"inLanguage":"en-US","potentialAction":[{"@type":"ReadAction","target":["https:\/\/turismo.benicassim.es\/en\/black-friday-en-benicassim-informate-de-nuestras-interesantes-ofertas\/"]}]},{"@type":"ImageObject","inLanguage":"en-US","@id":"https:\/\/turismo.benicassim.es\/en\/black-friday-en-benicassim-informate-de-nuestras-interesantes-ofertas\/#primaryimage","url":"https:\/\/turismo.benicassim.es\/wp-content\/uploads\/2021\/11\/Black-Friday-Bd-web.jpg","contentUrl":"https:\/\/turismo.benicassim.es\/wp-content\/uploads\/2021\/11\/Black-Friday-Bd-web.jpg","width":1566,"height":1044},{"@type":"BreadcrumbList","@id":"https:\/\/turismo.benicassim.es\/en\/black-friday-en-benicassim-informate-de-nuestras-interesantes-ofertas\/#breadcrumb","itemListElement":[{"@type":"ListItem","position":1,"name":"Inicio","item":"https:\/\/turismo.benicassim.es\/en\/"},{"@type":"ListItem","position":2,"name":"Black Friday en Benic\u00e0ssim: Inf\u00f3rmate de nuestras interesantes ofertas"}]},{"@type":"WebSite","@id":"https:\/\/turismo.benicassim.es\/en\/#website","url":"https:\/\/turismo.benicassim.es\/en\/","name":"Benic\u00e0ssim Turismo","description":"Web de informaci\u00f3n de Turismo en Benicasim","potentialAction":[{"@type":"SearchAction","target":{"@type":"EntryPoint","urlTemplate":"https:\/\/turismo.benicassim.es\/en\/?s={search_term_string}"},"query-input":{"@type":"PropertyValueSpecification","valueRequired":true,"valueName":"search_term_string"}}],"inLanguage":"en-US"},{"@type":"Person","@id":"https:\/\/turismo.benicassim.es\/en\/#\/schema\/person\/cc80f60d0d1b6d6495dbb482ebb77150","name":"Benic\u00e0ssim Turismo","image":{"@type":"ImageObject","inLanguage":"en-US","@id":"https:\/\/secure.gravatar.com\/avatar\/fb5faeea4214cf3915791705829013307818cf2deb083008adf9a43dd4fa66cc?s=96&d=mm&r=g","url":"https:\/\/secure.gravatar.com\/avatar\/fb5faeea4214cf3915791705829013307818cf2deb083008adf9a43dd4fa66cc?s=96&d=mm&r=g","contentUrl":"https:\/\/secure.gravatar.com\/avatar\/fb5faeea4214cf3915791705829013307818cf2deb083008adf9a43dd4fa66cc?s=96&d=mm&r=g","caption":"Benic\u00e0ssim Turismo"},"url":"https:\/\/turismo.benicassim.es\/en\/author\/turismo\/"}]}},"_links":{"self":[{"href":"https:\/\/turismo.benicassim.es\/en\/wp-json\/wp\/v2\/posts\/62635","targetHints":{"allow":["GET"]}}],"collection":[{"href":"https:\/\/turismo.benicassim.es\/en\/wp-json\/wp\/v2\/posts"}],"about":[{"href":"https:\/\/turismo.benicassim.es\/en\/wp-json\/wp\/v2\/types\/post"}],"author":[{"embeddable":true,"href":"https:\/\/turismo.benicassim.es\/en\/wp-json\/wp\/v2\/users\/4"}],"replies":[{"embeddable":true,"href":"https:\/\/turismo.benicassim.es\/en\/wp-json\/wp\/v2\/comments?post=62635"}],"version-history":[{"count":1,"href":"https:\/\/turismo.benicassim.es\/en\/wp-json\/wp\/v2\/posts\/62635\/revisions"}],"predecessor-version":[{"id":62656,"href":"https:\/\/turismo.benicassim.es\/en\/wp-json\/wp\/v2\/posts\/62635\/revisions\/62656"}],"wp:featuredmedia":[{"embeddable":true,"href":"https:\/\/turismo.benicassim.es\/en\/wp-json\/wp\/v2\/media\/62637"}],"wp:attachment":[{"href":"https:\/\/turismo.benicassim.es\/en\/wp-json\/wp\/v2\/media?parent=62635"}],"wp:term":[{"taxonomy":"category","embeddable":true,"href":"https:\/\/turismo.benicassim.es\/en\/wp-json\/wp\/v2\/categories?post=62635"},{"taxonomy":"post_tag","embeddable":true,"href":"https:\/\/turismo.benicassim.es\/en\/wp-json\/wp\/v2\/tags?post=62635"}],"curies":[{"name":"wp","href":"https:\/\/api.w.org\/{rel}","templated":true}]}}