{"id":69613,"date":"2023-02-14T16:13:51","date_gmt":"2023-02-14T15:13:51","guid":{"rendered":"https:\/\/turismo.benicassim.es\/benicassim-abre-el-plazo-de-un-mes-para-quienes-quieran-optar-a-ser-representantes-de-las-proximas-fiestas-patronales\/"},"modified":"2023-02-14T16:13:51","modified_gmt":"2023-02-14T15:13:51","slug":"benicassim-abre-el-plazo-de-un-mes-para-quienes-quieran-optar-a-ser-representantes-de-las-proximas-fiestas-patronales","status":"publish","type":"post","link":"https:\/\/turismo.benicassim.es\/en\/benicassim-abre-el-plazo-de-un-mes-para-quienes-quieran-optar-a-ser-representantes-de-las-proximas-fiestas-patronales\/","title":{"rendered":"Benic\u00e0ssim abre el plazo de un mes para quienes quieran optar a ser representantes de las pr\u00f3ximas Fiestas Patronales"},"content":{"rendered":"<p class=\"western\" align=\"center\"><span style=\"color: #000000;\"><span style=\"font-size: large;\"><i><b>Por segundo a\u00f1o consecutivo tanto ni\u00f1as como ni\u00f1os tendr\u00e1 la oportunidad de entrar en la comitiva de representantes en igualdad de condiciones <\/b><\/i><\/span><\/span><\/p>\n<p class=\"western\" align=\"right\"><i>Benic\u00e0ssim, 14 de febrero de 2023<\/i><\/p>\n<p class=\"western\"><span style=\"color: #000000;\"><span style=\"font-family: Verdana, serif;\"><span style=\"font-size: small;\">Ma\u00f1ana, 15 de febrero empieza el plazo para presentar la solicitud y optar a poder representar a Benic\u00e0ssim tanto en las fiestas de septiembre en honor a Santo Tom\u00e1s de Villanueva de 2023, como las de enero de 2024 en honor a San Antonio Abad y a Santa \u00c1gueda. Por segundo a\u00f1o consecutivo tanto ni\u00f1as como ni\u00f1os tendr\u00e1n la oportunidad de entrar en la comitiva de representantes en igualdad de condiciones.<\/span><\/span><\/span><\/p>\n<p class=\"western\"><span style=\"color: #000000;\"><span style=\"font-family: Verdana, serif;\"><span style=\"font-size: small;\">En este sentido, la alcaldesa de Benic\u00e0ssim, Susana Marqu\u00e9s, ha destacado que, \u201cAnimamos a que tanto a las chicas como los chicos, ni\u00f1as y ni\u00f1os que les haga ilusi\u00f3n den paso adelante para representar a Benic\u00e0ssim, todos los que han pasado por aqu\u00ed saben que es un a\u00f1o que se recuerda de por vida. Se trata de una emoci\u00f3n indescriptible e irrepetible que todo benicense deber\u00eda vivir al menos una vez en la vida\u201d.<\/span><\/span><\/span><\/p>\n<p class=\"western\"><span style=\"color: #000000;\"><span style=\"font-family: Verdana, serif;\"><span style=\"font-size: small;\">La corte de honor infantil este a\u00f1o estar\u00e1 integrada por los nacidos en 2013, mientras que los mayores ser\u00e1n la generaci\u00f3n que tienen en la actualidad entre 18 y 20 a\u00f1os. Aquellas personas interesadas en poder optar a representar a a la ciudad en sus pr\u00f3ximas fiestas patronales, podr\u00e1n hacerlo presentando su solicitud a trav\u00e9s de la sede electr\u00f3nica del ayuntamiento de Benic\u00e0ssim o de forma presencial a trav\u00e9s de instancia general en el Servicio de Informaci\u00f3n de Ciudadana &#8211;<\/span><\/span><\/span><span style=\"color: #000000;\"><span style=\"font-family: Verdana, serif;\"><span style=\"font-size: small;\"><i>SIC<\/i><\/span><\/span><\/span><span style=\"color: #000000;\"><span style=\"font-family: Verdana, serif;\"><span style=\"font-size: small;\">&#8211; de lunes a viernes en horario 08 a 17h de forma ininterrumpida.<\/span><\/span><\/span><\/p>\n","protected":false},"excerpt":{"rendered":"<p>Por segundo a\u00f1o consecutivo tanto ni\u00f1as como ni\u00f1os tendr\u00e1 la oportunidad de entrar en la comitiva de representantes en igualdad de condiciones Benic\u00e0ssim, 14 de febrero de 2023 Ma\u00f1ana, 15 de febrero empieza el plazo para presentar la solicitud y optar a poder representar a Benic\u00e0ssim tanto en las fiestas de septiembre en honor a [&hellip;]<\/p>\n","protected":false},"author":4,"featured_media":69614,"comment_status":"open","ping_status":"open","sticky":false,"template":"","format":"standard","meta":{"_acf_changed":false,"footnotes":""},"categories":[103],"tags":[569,570,571,572,573,574],"class_list":["post-69613","post","type-post","status-publish","format-standard","has-post-thumbnail","hentry","category-uncategorized","tag-festeras-benicasim-en","tag-festeras-benicassim-en","tag-festeros-benicasim-en","tag-festeros-benicassim-en","tag-fiestas-benicassim-en","tag-representantes-fiestas-benicasim-en"],"acf":[],"yoast_head":"<!-- This site is optimized with the Yoast SEO plugin v27.4 - https:\/\/yoast.com\/product\/yoast-seo-wordpress\/ -->\n<title>Benic\u00e0ssim abre el plazo de un mes para quienes quieran optar a ser representantes de las pr\u00f3ximas Fiestas Patronales - Benic\u00e0ssim Turismo<\/title>\n<meta name=\"robots\" content=\"index, follow, max-snippet:-1, max-image-preview:large, max-video-preview:-1\" \/>\n<link rel=\"canonical\" href=\"https:\/\/turismo.benicassim.es\/en\/benicassim-abre-el-plazo-de-un-mes-para-quienes-quieran-optar-a-ser-representantes-de-las-proximas-fiestas-patronales\/\" \/>\n<meta property=\"og:locale\" content=\"en_US\" \/>\n<meta property=\"og:type\" content=\"article\" \/>\n<meta property=\"og:title\" content=\"Benic\u00e0ssim abre el plazo de un mes para quienes quieran optar a ser representantes de las pr\u00f3ximas Fiestas Patronales - Benic\u00e0ssim Turismo\" \/>\n<meta property=\"og:description\" content=\"Por segundo a\u00f1o consecutivo tanto ni\u00f1as como ni\u00f1os tendr\u00e1 la oportunidad de entrar en la comitiva de representantes en igualdad de condiciones Benic\u00e0ssim, 14 de febrero de 2023 Ma\u00f1ana, 15 de febrero empieza el plazo para presentar la solicitud y optar a poder representar a Benic\u00e0ssim tanto en las fiestas de septiembre en honor a [&hellip;]\" \/>\n<meta property=\"og:url\" content=\"https:\/\/turismo.benicassim.es\/en\/benicassim-abre-el-plazo-de-un-mes-para-quienes-quieran-optar-a-ser-representantes-de-las-proximas-fiestas-patronales\/\" \/>\n<meta property=\"og:site_name\" content=\"Benic\u00e0ssim Turismo\" \/>\n<meta property=\"article:published_time\" content=\"2023-02-14T15:13:51+00:00\" \/>\n<meta name=\"author\" content=\"Benic\u00e0ssim Turismo\" \/>\n<meta name=\"twitter:card\" content=\"summary_large_image\" \/>\n<meta name=\"twitter:label1\" content=\"Written by\" \/>\n\t<meta name=\"twitter:data1\" content=\"Benic\u00e0ssim Turismo\" \/>\n\t<meta name=\"twitter:label2\" content=\"Est. reading time\" \/>\n\t<meta name=\"twitter:data2\" content=\"1 minute\" \/>\n<script type=\"application\/ld+json\" class=\"yoast-schema-graph\">{\"@context\":\"https:\\\/\\\/schema.org\",\"@graph\":[{\"@type\":\"Article\",\"@id\":\"https:\\\/\\\/turismo.benicassim.es\\\/en\\\/benicassim-abre-el-plazo-de-un-mes-para-quienes-quieran-optar-a-ser-representantes-de-las-proximas-fiestas-patronales\\\/#article\",\"isPartOf\":{\"@id\":\"https:\\\/\\\/turismo.benicassim.es\\\/en\\\/benicassim-abre-el-plazo-de-un-mes-para-quienes-quieran-optar-a-ser-representantes-de-las-proximas-fiestas-patronales\\\/\"},\"author\":{\"name\":\"Benic\u00e0ssim Turismo\",\"@id\":\"https:\\\/\\\/turismo.benicassim.es\\\/en\\\/#\\\/schema\\\/person\\\/cc80f60d0d1b6d6495dbb482ebb77150\"},\"headline\":\"Benic\u00e0ssim abre el plazo de un mes para quienes quieran optar a ser representantes de las pr\u00f3ximas Fiestas Patronales\",\"datePublished\":\"2023-02-14T15:13:51+00:00\",\"mainEntityOfPage\":{\"@id\":\"https:\\\/\\\/turismo.benicassim.es\\\/en\\\/benicassim-abre-el-plazo-de-un-mes-para-quienes-quieran-optar-a-ser-representantes-de-las-proximas-fiestas-patronales\\\/\"},\"wordCount\":310,\"commentCount\":0,\"image\":{\"@id\":\"https:\\\/\\\/turismo.benicassim.es\\\/en\\\/benicassim-abre-el-plazo-de-un-mes-para-quienes-quieran-optar-a-ser-representantes-de-las-proximas-fiestas-patronales\\\/#primaryimage\"},\"thumbnailUrl\":\"https:\\\/\\\/turismo.benicassim.es\\\/wp-content\\\/uploads\\\/2023\\\/02\\\/FOTO_Festers14febrero2023.jpg\",\"keywords\":[\"festeras Benicasim\",\"festeras Benic\u00e0ssim\",\"festeros Benicasim\",\"festeros Benic\u00e0ssim\",\"fiestas Benic\u00e0ssim\",\"representantes fiestas Benicasim\"],\"inLanguage\":\"en-US\",\"potentialAction\":[{\"@type\":\"CommentAction\",\"name\":\"Comment\",\"target\":[\"https:\\\/\\\/turismo.benicassim.es\\\/en\\\/benicassim-abre-el-plazo-de-un-mes-para-quienes-quieran-optar-a-ser-representantes-de-las-proximas-fiestas-patronales\\\/#respond\"]}]},{\"@type\":\"WebPage\",\"@id\":\"https:\\\/\\\/turismo.benicassim.es\\\/en\\\/benicassim-abre-el-plazo-de-un-mes-para-quienes-quieran-optar-a-ser-representantes-de-las-proximas-fiestas-patronales\\\/\",\"url\":\"https:\\\/\\\/turismo.benicassim.es\\\/en\\\/benicassim-abre-el-plazo-de-un-mes-para-quienes-quieran-optar-a-ser-representantes-de-las-proximas-fiestas-patronales\\\/\",\"name\":\"Benic\u00e0ssim abre el plazo de un mes para quienes quieran optar a ser representantes de las pr\u00f3ximas Fiestas Patronales - Benic\u00e0ssim Turismo\",\"isPartOf\":{\"@id\":\"https:\\\/\\\/turismo.benicassim.es\\\/en\\\/#website\"},\"primaryImageOfPage\":{\"@id\":\"https:\\\/\\\/turismo.benicassim.es\\\/en\\\/benicassim-abre-el-plazo-de-un-mes-para-quienes-quieran-optar-a-ser-representantes-de-las-proximas-fiestas-patronales\\\/#primaryimage\"},\"image\":{\"@id\":\"https:\\\/\\\/turismo.benicassim.es\\\/en\\\/benicassim-abre-el-plazo-de-un-mes-para-quienes-quieran-optar-a-ser-representantes-de-las-proximas-fiestas-patronales\\\/#primaryimage\"},\"thumbnailUrl\":\"https:\\\/\\\/turismo.benicassim.es\\\/wp-content\\\/uploads\\\/2023\\\/02\\\/FOTO_Festers14febrero2023.jpg\",\"datePublished\":\"2023-02-14T15:13:51+00:00\",\"author\":{\"@id\":\"https:\\\/\\\/turismo.benicassim.es\\\/en\\\/#\\\/schema\\\/person\\\/cc80f60d0d1b6d6495dbb482ebb77150\"},\"breadcrumb\":{\"@id\":\"https:\\\/\\\/turismo.benicassim.es\\\/en\\\/benicassim-abre-el-plazo-de-un-mes-para-quienes-quieran-optar-a-ser-representantes-de-las-proximas-fiestas-patronales\\\/#breadcrumb\"},\"inLanguage\":\"en-US\",\"potentialAction\":[{\"@type\":\"ReadAction\",\"target\":[\"https:\\\/\\\/turismo.benicassim.es\\\/en\\\/benicassim-abre-el-plazo-de-un-mes-para-quienes-quieran-optar-a-ser-representantes-de-las-proximas-fiestas-patronales\\\/\"]}]},{\"@type\":\"ImageObject\",\"inLanguage\":\"en-US\",\"@id\":\"https:\\\/\\\/turismo.benicassim.es\\\/en\\\/benicassim-abre-el-plazo-de-un-mes-para-quienes-quieran-optar-a-ser-representantes-de-las-proximas-fiestas-patronales\\\/#primaryimage\",\"url\":\"https:\\\/\\\/turismo.benicassim.es\\\/wp-content\\\/uploads\\\/2023\\\/02\\\/FOTO_Festers14febrero2023.jpg\",\"contentUrl\":\"https:\\\/\\\/turismo.benicassim.es\\\/wp-content\\\/uploads\\\/2023\\\/02\\\/FOTO_Festers14febrero2023.jpg\",\"width\":1600,\"height\":930,\"caption\":\"Representantes de las fiestas de Benic\u00e0ssim 2022-2023\"},{\"@type\":\"BreadcrumbList\",\"@id\":\"https:\\\/\\\/turismo.benicassim.es\\\/en\\\/benicassim-abre-el-plazo-de-un-mes-para-quienes-quieran-optar-a-ser-representantes-de-las-proximas-fiestas-patronales\\\/#breadcrumb\",\"itemListElement\":[{\"@type\":\"ListItem\",\"position\":1,\"name\":\"Inicio\",\"item\":\"https:\\\/\\\/turismo.benicassim.es\\\/en\\\/\"},{\"@type\":\"ListItem\",\"position\":2,\"name\":\"Benic\u00e0ssim abre el plazo de un mes para quienes quieran optar a ser representantes de las pr\u00f3ximas Fiestas Patronales\"}]},{\"@type\":\"WebSite\",\"@id\":\"https:\\\/\\\/turismo.benicassim.es\\\/en\\\/#website\",\"url\":\"https:\\\/\\\/turismo.benicassim.es\\\/en\\\/\",\"name\":\"Benic\u00e0ssim Turismo\",\"description\":\"Web de informaci\u00f3n de Turismo en Benicasim\",\"potentialAction\":[{\"@type\":\"SearchAction\",\"target\":{\"@type\":\"EntryPoint\",\"urlTemplate\":\"https:\\\/\\\/turismo.benicassim.es\\\/en\\\/?s={search_term_string}\"},\"query-input\":{\"@type\":\"PropertyValueSpecification\",\"valueRequired\":true,\"valueName\":\"search_term_string\"}}],\"inLanguage\":\"en-US\"},{\"@type\":\"Person\",\"@id\":\"https:\\\/\\\/turismo.benicassim.es\\\/en\\\/#\\\/schema\\\/person\\\/cc80f60d0d1b6d6495dbb482ebb77150\",\"name\":\"Benic\u00e0ssim Turismo\",\"image\":{\"@type\":\"ImageObject\",\"inLanguage\":\"en-US\",\"@id\":\"https:\\\/\\\/secure.gravatar.com\\\/avatar\\\/fb5faeea4214cf3915791705829013307818cf2deb083008adf9a43dd4fa66cc?s=96&d=mm&r=g\",\"url\":\"https:\\\/\\\/secure.gravatar.com\\\/avatar\\\/fb5faeea4214cf3915791705829013307818cf2deb083008adf9a43dd4fa66cc?s=96&d=mm&r=g\",\"contentUrl\":\"https:\\\/\\\/secure.gravatar.com\\\/avatar\\\/fb5faeea4214cf3915791705829013307818cf2deb083008adf9a43dd4fa66cc?s=96&d=mm&r=g\",\"caption\":\"Benic\u00e0ssim Turismo\"},\"url\":\"https:\\\/\\\/turismo.benicassim.es\\\/en\\\/author\\\/turismo\\\/\"}]}<\/script>\n<!-- \/ Yoast SEO plugin. -->","yoast_head_json":{"title":"Benic\u00e0ssim abre el plazo de un mes para quienes quieran optar a ser representantes de las pr\u00f3ximas Fiestas Patronales - Benic\u00e0ssim Turismo","robots":{"index":"index","follow":"follow","max-snippet":"max-snippet:-1","max-image-preview":"max-image-preview:large","max-video-preview":"max-video-preview:-1"},"canonical":"https:\/\/turismo.benicassim.es\/en\/benicassim-abre-el-plazo-de-un-mes-para-quienes-quieran-optar-a-ser-representantes-de-las-proximas-fiestas-patronales\/","og_locale":"en_US","og_type":"article","og_title":"Benic\u00e0ssim abre el plazo de un mes para quienes quieran optar a ser representantes de las pr\u00f3ximas Fiestas Patronales - Benic\u00e0ssim Turismo","og_description":"Por segundo a\u00f1o consecutivo tanto ni\u00f1as como ni\u00f1os tendr\u00e1 la oportunidad de entrar en la comitiva de representantes en igualdad de condiciones Benic\u00e0ssim, 14 de febrero de 2023 Ma\u00f1ana, 15 de febrero empieza el plazo para presentar la solicitud y optar a poder representar a Benic\u00e0ssim tanto en las fiestas de septiembre en honor a [&hellip;]","og_url":"https:\/\/turismo.benicassim.es\/en\/benicassim-abre-el-plazo-de-un-mes-para-quienes-quieran-optar-a-ser-representantes-de-las-proximas-fiestas-patronales\/","og_site_name":"Benic\u00e0ssim Turismo","article_published_time":"2023-02-14T15:13:51+00:00","author":"Benic\u00e0ssim Turismo","twitter_card":"summary_large_image","twitter_misc":{"Written by":"Benic\u00e0ssim Turismo","Est. reading time":"1 minute"},"schema":{"@context":"https:\/\/schema.org","@graph":[{"@type":"Article","@id":"https:\/\/turismo.benicassim.es\/en\/benicassim-abre-el-plazo-de-un-mes-para-quienes-quieran-optar-a-ser-representantes-de-las-proximas-fiestas-patronales\/#article","isPartOf":{"@id":"https:\/\/turismo.benicassim.es\/en\/benicassim-abre-el-plazo-de-un-mes-para-quienes-quieran-optar-a-ser-representantes-de-las-proximas-fiestas-patronales\/"},"author":{"name":"Benic\u00e0ssim Turismo","@id":"https:\/\/turismo.benicassim.es\/en\/#\/schema\/person\/cc80f60d0d1b6d6495dbb482ebb77150"},"headline":"Benic\u00e0ssim abre el plazo de un mes para quienes quieran optar a ser representantes de las pr\u00f3ximas Fiestas Patronales","datePublished":"2023-02-14T15:13:51+00:00","mainEntityOfPage":{"@id":"https:\/\/turismo.benicassim.es\/en\/benicassim-abre-el-plazo-de-un-mes-para-quienes-quieran-optar-a-ser-representantes-de-las-proximas-fiestas-patronales\/"},"wordCount":310,"commentCount":0,"image":{"@id":"https:\/\/turismo.benicassim.es\/en\/benicassim-abre-el-plazo-de-un-mes-para-quienes-quieran-optar-a-ser-representantes-de-las-proximas-fiestas-patronales\/#primaryimage"},"thumbnailUrl":"https:\/\/turismo.benicassim.es\/wp-content\/uploads\/2023\/02\/FOTO_Festers14febrero2023.jpg","keywords":["festeras Benicasim","festeras Benic\u00e0ssim","festeros Benicasim","festeros Benic\u00e0ssim","fiestas Benic\u00e0ssim","representantes fiestas Benicasim"],"inLanguage":"en-US","potentialAction":[{"@type":"CommentAction","name":"Comment","target":["https:\/\/turismo.benicassim.es\/en\/benicassim-abre-el-plazo-de-un-mes-para-quienes-quieran-optar-a-ser-representantes-de-las-proximas-fiestas-patronales\/#respond"]}]},{"@type":"WebPage","@id":"https:\/\/turismo.benicassim.es\/en\/benicassim-abre-el-plazo-de-un-mes-para-quienes-quieran-optar-a-ser-representantes-de-las-proximas-fiestas-patronales\/","url":"https:\/\/turismo.benicassim.es\/en\/benicassim-abre-el-plazo-de-un-mes-para-quienes-quieran-optar-a-ser-representantes-de-las-proximas-fiestas-patronales\/","name":"Benic\u00e0ssim abre el plazo de un mes para quienes quieran optar a ser representantes de las pr\u00f3ximas Fiestas Patronales - Benic\u00e0ssim Turismo","isPartOf":{"@id":"https:\/\/turismo.benicassim.es\/en\/#website"},"primaryImageOfPage":{"@id":"https:\/\/turismo.benicassim.es\/en\/benicassim-abre-el-plazo-de-un-mes-para-quienes-quieran-optar-a-ser-representantes-de-las-proximas-fiestas-patronales\/#primaryimage"},"image":{"@id":"https:\/\/turismo.benicassim.es\/en\/benicassim-abre-el-plazo-de-un-mes-para-quienes-quieran-optar-a-ser-representantes-de-las-proximas-fiestas-patronales\/#primaryimage"},"thumbnailUrl":"https:\/\/turismo.benicassim.es\/wp-content\/uploads\/2023\/02\/FOTO_Festers14febrero2023.jpg","datePublished":"2023-02-14T15:13:51+00:00","author":{"@id":"https:\/\/turismo.benicassim.es\/en\/#\/schema\/person\/cc80f60d0d1b6d6495dbb482ebb77150"},"breadcrumb":{"@id":"https:\/\/turismo.benicassim.es\/en\/benicassim-abre-el-plazo-de-un-mes-para-quienes-quieran-optar-a-ser-representantes-de-las-proximas-fiestas-patronales\/#breadcrumb"},"inLanguage":"en-US","potentialAction":[{"@type":"ReadAction","target":["https:\/\/turismo.benicassim.es\/en\/benicassim-abre-el-plazo-de-un-mes-para-quienes-quieran-optar-a-ser-representantes-de-las-proximas-fiestas-patronales\/"]}]},{"@type":"ImageObject","inLanguage":"en-US","@id":"https:\/\/turismo.benicassim.es\/en\/benicassim-abre-el-plazo-de-un-mes-para-quienes-quieran-optar-a-ser-representantes-de-las-proximas-fiestas-patronales\/#primaryimage","url":"https:\/\/turismo.benicassim.es\/wp-content\/uploads\/2023\/02\/FOTO_Festers14febrero2023.jpg","contentUrl":"https:\/\/turismo.benicassim.es\/wp-content\/uploads\/2023\/02\/FOTO_Festers14febrero2023.jpg","width":1600,"height":930,"caption":"Representantes de las fiestas de Benic\u00e0ssim 2022-2023"},{"@type":"BreadcrumbList","@id":"https:\/\/turismo.benicassim.es\/en\/benicassim-abre-el-plazo-de-un-mes-para-quienes-quieran-optar-a-ser-representantes-de-las-proximas-fiestas-patronales\/#breadcrumb","itemListElement":[{"@type":"ListItem","position":1,"name":"Inicio","item":"https:\/\/turismo.benicassim.es\/en\/"},{"@type":"ListItem","position":2,"name":"Benic\u00e0ssim abre el plazo de un mes para quienes quieran optar a ser representantes de las pr\u00f3ximas Fiestas Patronales"}]},{"@type":"WebSite","@id":"https:\/\/turismo.benicassim.es\/en\/#website","url":"https:\/\/turismo.benicassim.es\/en\/","name":"Benic\u00e0ssim Turismo","description":"Web de informaci\u00f3n de Turismo en Benicasim","potentialAction":[{"@type":"SearchAction","target":{"@type":"EntryPoint","urlTemplate":"https:\/\/turismo.benicassim.es\/en\/?s={search_term_string}"},"query-input":{"@type":"PropertyValueSpecification","valueRequired":true,"valueName":"search_term_string"}}],"inLanguage":"en-US"},{"@type":"Person","@id":"https:\/\/turismo.benicassim.es\/en\/#\/schema\/person\/cc80f60d0d1b6d6495dbb482ebb77150","name":"Benic\u00e0ssim Turismo","image":{"@type":"ImageObject","inLanguage":"en-US","@id":"https:\/\/secure.gravatar.com\/avatar\/fb5faeea4214cf3915791705829013307818cf2deb083008adf9a43dd4fa66cc?s=96&d=mm&r=g","url":"https:\/\/secure.gravatar.com\/avatar\/fb5faeea4214cf3915791705829013307818cf2deb083008adf9a43dd4fa66cc?s=96&d=mm&r=g","contentUrl":"https:\/\/secure.gravatar.com\/avatar\/fb5faeea4214cf3915791705829013307818cf2deb083008adf9a43dd4fa66cc?s=96&d=mm&r=g","caption":"Benic\u00e0ssim Turismo"},"url":"https:\/\/turismo.benicassim.es\/en\/author\/turismo\/"}]}},"_links":{"self":[{"href":"https:\/\/turismo.benicassim.es\/en\/wp-json\/wp\/v2\/posts\/69613","targetHints":{"allow":["GET"]}}],"collection":[{"href":"https:\/\/turismo.benicassim.es\/en\/wp-json\/wp\/v2\/posts"}],"about":[{"href":"https:\/\/turismo.benicassim.es\/en\/wp-json\/wp\/v2\/types\/post"}],"author":[{"embeddable":true,"href":"https:\/\/turismo.benicassim.es\/en\/wp-json\/wp\/v2\/users\/4"}],"replies":[{"embeddable":true,"href":"https:\/\/turismo.benicassim.es\/en\/wp-json\/wp\/v2\/comments?post=69613"}],"version-history":[{"count":0,"href":"https:\/\/turismo.benicassim.es\/en\/wp-json\/wp\/v2\/posts\/69613\/revisions"}],"wp:featuredmedia":[{"embeddable":true,"href":"https:\/\/turismo.benicassim.es\/en\/wp-json\/wp\/v2\/media\/69614"}],"wp:attachment":[{"href":"https:\/\/turismo.benicassim.es\/en\/wp-json\/wp\/v2\/media?parent=69613"}],"wp:term":[{"taxonomy":"category","embeddable":true,"href":"https:\/\/turismo.benicassim.es\/en\/wp-json\/wp\/v2\/categories?post=69613"},{"taxonomy":"post_tag","embeddable":true,"href":"https:\/\/turismo.benicassim.es\/en\/wp-json\/wp\/v2\/tags?post=69613"}],"curies":[{"name":"wp","href":"https:\/\/api.w.org\/{rel}","templated":true}]}}