{"id":62075,"date":"2021-10-18T10:59:20","date_gmt":"2021-10-18T10:59:20","guid":{"rendered":"https:\/\/turismo.benicassim.es\/fusion-gastro-2\/"},"modified":"2021-10-18T11:51:26","modified_gmt":"2021-10-18T11:51:26","slug":"fusion-gastro-2","status":"publish","type":"post","link":"https:\/\/turismo.benicassim.es\/va\/fusion-gastro-2\/","title":{"rendered":"Mar\u00eda Terremoto obri l&#8217;escenari del VI Benic\u00e0ssim Flamenco Fusi\u00f3n Gastro Festival"},"content":{"rendered":"<p>&nbsp;<\/p>\n<p>L&#8217;escenari El Tablao acull l&#8217;actuaci\u00f3 d&#8217;una de les veus m\u00e9s rellevants del flamenc espanyol<\/p>\n<p>El follet flamenc ja es present a Benic\u00e0ssim. La sisena edici\u00f3 del Benic\u00e0ssim Flamenco Fusi\u00f3n Gastro Festival comen\u00e7a aquesta vesprada i fins el dimarts 12 el nucli urb\u00e0 del municipi s&#8217;omplir\u00e0 de m\u00fasica i gastronomia flamenca. El recinte situat en l&#8217;avinguda Joan Carles I ser\u00e0 el primer espai a obrir les seues portes amb motiu de la inauguraci\u00f3 de la Fira Flamenca on s&#8217;exposar\u00e0 moda flamenca, calaixos flamencs, complements i fins a tests amb molt de \u201cart\u201d. La Fira Flamenca s&#8217;ha instal\u00b7lat en l&#8217;acc\u00e9s a l&#8217;escenari El Tablao on, a partir de les 20.00 hores, es pujar\u00e0 Mar\u00eda Terremoto, una de les veus m\u00e9s rellevants del flamenc espanyol, premiada en el 2019 segons la prestigiosa guia del flamenc Flama, com l&#8217;artista amb m\u00e9s repercussi\u00f3.<\/p>\n<p>Despr\u00e9s de l&#8217;actuaci\u00f3, els assistents podran gaudir dels establiments locals de restauraci\u00f3 ja que com indica l&#8217;alcaldessa, Susana Marqu\u00e9s, \u201caquest festival va n\u00e0ixer conjuminant m\u00fasica i gastronomia, amb la finalitat de dinamitzar la nostra restauraci\u00f3 i economia local i desestacionalitzar la nostra oferta tur\u00edstica. Despr\u00e9s de sis edicions, podem dir que complim el nostre objectiu i el festival est\u00e0 totalment consolidat en el nostre calendari anual d&#8217;esdeveniments\u201d.<\/p>\n<p>Despr\u00e9s de la jornada inaugural de hui, el programa continuar\u00e0 dem\u00e0 dissabte 9, dia de la Comunitat Valenciana, i les activitats es desenvoluparan en diferents punts del nucli urb\u00e0.<\/p>\n<p>Com ha recordat la regidora de Turisme, Cristina Fern\u00e1ndez, la programaci\u00f3 es dur\u00e0 a terme en sis zones \u201cper a dinamitzar i aconseguir que l&#8217;ess\u00e8ncia del festival siga present en diferents punts del nucli urb\u00e0\u201d. En aquest sentit, la programaci\u00f3 del dissabte comen\u00e7ar\u00e0 en la pla\u00e7a Els Dolors amb l&#8217;actuaci\u00f3 de Patxi Ojana a les 12.30 hores. A la vesprada, a partir de les 17.00 hores l&#8217;activitat es traslladar\u00e0 a l&#8217;escenari Alegr\u00edas en la pla\u00e7a de les Corts Valencianes amb un taller d&#8217;iniciaci\u00f3 al flamenc per a menors. A les 18.00 hores, en el mateix escenari, ser\u00e0 el torn de Victoria Amador \u201cLa Rubia de Antequera\u201d amb Juan de Pilar, Juanma Maya i Pilar Pacheco. A les 19.30 comen\u00e7ar\u00e0 l&#8217;actuaci\u00f3 de Alhaire en la pla\u00e7a Sequiota i la jornada finalitzar\u00e0 en el Teatre Municipal Francesc T\u00e1rrega amb La H\u00fangara a les 23.00 hores. El preu de les entrades \u00e9s de 15 euros i es poden adquirir en www.benicassimcultura.es i tamb\u00e9 de manera presencial en les taquilles del teatre municipal una hora abans de l&#8217;espectacle.<\/p>\n<p class=\"western\">Benic\u00e0ssim, 8 d\u2019octubre de 2021<\/p>\n<p><img loading=\"lazy\" decoding=\"async\" class=\"alignnone size-medium wp-image-62206\" src=\"https:\/\/turismo.benicassim.es\/wp-content\/uploads\/2021\/10\/6161bcd98470c_festival-flamenco-maria-terremoto-1-1-300x200.jpg\" alt=\"\" width=\"300\" height=\"200\" srcset=\"https:\/\/turismo.benicassim.es\/wp-content\/uploads\/2021\/10\/6161bcd98470c_festival-flamenco-maria-terremoto-1-1-300x200.jpg 300w, https:\/\/turismo.benicassim.es\/wp-content\/uploads\/2021\/10\/6161bcd98470c_festival-flamenco-maria-terremoto-1-1.jpg 600w\" sizes=\"auto, (max-width: 300px) 100vw, 300px\" \/> <img loading=\"lazy\" decoding=\"async\" class=\"alignnone size-medium wp-image-62207\" src=\"https:\/\/turismo.benicassim.es\/wp-content\/uploads\/2021\/10\/6161bcf81cfb8_festival-flamenco-maria-terremoto-2-1-300x200.jpg\" alt=\"\" width=\"300\" height=\"200\" srcset=\"https:\/\/turismo.benicassim.es\/wp-content\/uploads\/2021\/10\/6161bcf81cfb8_festival-flamenco-maria-terremoto-2-1-300x200.jpg 300w, https:\/\/turismo.benicassim.es\/wp-content\/uploads\/2021\/10\/6161bcf81cfb8_festival-flamenco-maria-terremoto-2-1.jpg 600w\" sizes=\"auto, (max-width: 300px) 100vw, 300px\" \/> <img loading=\"lazy\" decoding=\"async\" class=\"alignnone size-medium wp-image-62208\" src=\"https:\/\/turismo.benicassim.es\/wp-content\/uploads\/2021\/10\/6161bd0fa937e_festival-flamenco-maria-terremoto-3-1-300x200.jpg\" alt=\"\" width=\"300\" height=\"200\" srcset=\"https:\/\/turismo.benicassim.es\/wp-content\/uploads\/2021\/10\/6161bd0fa937e_festival-flamenco-maria-terremoto-3-1-300x200.jpg 300w, https:\/\/turismo.benicassim.es\/wp-content\/uploads\/2021\/10\/6161bd0fa937e_festival-flamenco-maria-terremoto-3-1.jpg 600w\" sizes=\"auto, (max-width: 300px) 100vw, 300px\" \/><\/p>\n","protected":false},"excerpt":{"rendered":"<p>&nbsp; L&#8217;escenari El Tablao acull l&#8217;actuaci\u00f3 d&#8217;una de les veus m\u00e9s rellevants del flamenc espanyol El follet flamenc ja es present a Benic\u00e0ssim. La sisena edici\u00f3 del Benic\u00e0ssim Flamenco Fusi\u00f3n Gastro Festival comen\u00e7a aquesta vesprada i fins el dimarts 12 el nucli urb\u00e0 del municipi s&#8217;omplir\u00e0 de m\u00fasica i gastronomia flamenca. El recinte situat en [&hellip;]<\/p>\n","protected":false},"author":2,"featured_media":62207,"comment_status":"closed","ping_status":"closed","sticky":false,"template":"","format":"standard","meta":{"_acf_changed":false,"footnotes":""},"categories":[117],"tags":[],"class_list":["post-62075","post","type-post","status-publish","format-standard","has-post-thumbnail","hentry","category-uncategorized-va"],"acf":[],"yoast_head":"<!-- This site is optimized with the Yoast SEO plugin v27.4 - https:\/\/yoast.com\/product\/yoast-seo-wordpress\/ -->\n<title>Mar\u00eda Terremoto obri l&#039;escenari del VI Benic\u00e0ssim Flamenco Fusi\u00f3n Gastro Festival - Benic\u00e0ssim Turismo<\/title>\n<meta name=\"robots\" content=\"index, follow, max-snippet:-1, max-image-preview:large, max-video-preview:-1\" \/>\n<link rel=\"canonical\" href=\"https:\/\/turismo.benicassim.es\/va\/fusion-gastro-2\/\" \/>\n<meta property=\"og:locale\" content=\"en_US\" \/>\n<meta property=\"og:type\" content=\"article\" \/>\n<meta property=\"og:title\" content=\"Mar\u00eda Terremoto obri l&#039;escenari del VI Benic\u00e0ssim Flamenco Fusi\u00f3n Gastro Festival - Benic\u00e0ssim Turismo\" \/>\n<meta property=\"og:description\" content=\"&nbsp; L&#8217;escenari El Tablao acull l&#8217;actuaci\u00f3 d&#8217;una de les veus m\u00e9s rellevants del flamenc espanyol El follet flamenc ja es present a Benic\u00e0ssim. La sisena edici\u00f3 del Benic\u00e0ssim Flamenco Fusi\u00f3n Gastro Festival comen\u00e7a aquesta vesprada i fins el dimarts 12 el nucli urb\u00e0 del municipi s&#8217;omplir\u00e0 de m\u00fasica i gastronomia flamenca. El recinte situat en [&hellip;]\" \/>\n<meta property=\"og:url\" content=\"https:\/\/turismo.benicassim.es\/va\/fusion-gastro-2\/\" \/>\n<meta property=\"og:site_name\" content=\"Benic\u00e0ssim Turismo\" \/>\n<meta property=\"article:published_time\" content=\"2021-10-18T10:59:20+00:00\" \/>\n<meta property=\"article:modified_time\" content=\"2021-10-18T11:51:26+00:00\" \/>\n<meta property=\"og:image\" content=\"https:\/\/turismo.benicassim.es\/wp-content\/uploads\/2021\/10\/6161bcf81cfb8_festival-flamenco-maria-terremoto-2-1.jpg\" \/>\n\t<meta property=\"og:image:width\" content=\"600\" \/>\n\t<meta property=\"og:image:height\" content=\"399\" \/>\n\t<meta property=\"og:image:type\" content=\"image\/jpeg\" \/>\n<meta name=\"author\" content=\"admin\" \/>\n<meta name=\"twitter:card\" content=\"summary_large_image\" \/>\n<meta name=\"twitter:label1\" content=\"Written by\" \/>\n\t<meta name=\"twitter:data1\" content=\"admin\" \/>\n\t<meta name=\"twitter:label2\" content=\"Est. reading time\" \/>\n\t<meta name=\"twitter:data2\" content=\"2 minutes\" \/>\n<script type=\"application\/ld+json\" class=\"yoast-schema-graph\">{\"@context\":\"https:\\\/\\\/schema.org\",\"@graph\":[{\"@type\":\"Article\",\"@id\":\"https:\\\/\\\/turismo.benicassim.es\\\/va\\\/fusion-gastro-2\\\/#article\",\"isPartOf\":{\"@id\":\"https:\\\/\\\/turismo.benicassim.es\\\/va\\\/fusion-gastro-2\\\/\"},\"author\":{\"name\":\"admin\",\"@id\":\"https:\\\/\\\/turismo.benicassim.es\\\/va\\\/#\\\/schema\\\/person\\\/2f5220f3dc71c77621267927bc73d9cb\"},\"headline\":\"Mar\u00eda Terremoto obri l&#8217;escenari del VI Benic\u00e0ssim Flamenco Fusi\u00f3n Gastro Festival\",\"datePublished\":\"2021-10-18T10:59:20+00:00\",\"dateModified\":\"2021-10-18T11:51:26+00:00\",\"mainEntityOfPage\":{\"@id\":\"https:\\\/\\\/turismo.benicassim.es\\\/va\\\/fusion-gastro-2\\\/\"},\"wordCount\":448,\"image\":{\"@id\":\"https:\\\/\\\/turismo.benicassim.es\\\/va\\\/fusion-gastro-2\\\/#primaryimage\"},\"thumbnailUrl\":\"https:\\\/\\\/turismo.benicassim.es\\\/wp-content\\\/uploads\\\/2021\\\/10\\\/6161bcf81cfb8_festival-flamenco-maria-terremoto-2-1.jpg\",\"articleSection\":[\"Uncategorized @va\"],\"inLanguage\":\"ca-CA\"},{\"@type\":\"WebPage\",\"@id\":\"https:\\\/\\\/turismo.benicassim.es\\\/va\\\/fusion-gastro-2\\\/\",\"url\":\"https:\\\/\\\/turismo.benicassim.es\\\/va\\\/fusion-gastro-2\\\/\",\"name\":\"Mar\u00eda Terremoto obri l'escenari del VI Benic\u00e0ssim Flamenco Fusi\u00f3n Gastro Festival - Benic\u00e0ssim Turismo\",\"isPartOf\":{\"@id\":\"https:\\\/\\\/turismo.benicassim.es\\\/va\\\/#website\"},\"primaryImageOfPage\":{\"@id\":\"https:\\\/\\\/turismo.benicassim.es\\\/va\\\/fusion-gastro-2\\\/#primaryimage\"},\"image\":{\"@id\":\"https:\\\/\\\/turismo.benicassim.es\\\/va\\\/fusion-gastro-2\\\/#primaryimage\"},\"thumbnailUrl\":\"https:\\\/\\\/turismo.benicassim.es\\\/wp-content\\\/uploads\\\/2021\\\/10\\\/6161bcf81cfb8_festival-flamenco-maria-terremoto-2-1.jpg\",\"datePublished\":\"2021-10-18T10:59:20+00:00\",\"dateModified\":\"2021-10-18T11:51:26+00:00\",\"author\":{\"@id\":\"https:\\\/\\\/turismo.benicassim.es\\\/va\\\/#\\\/schema\\\/person\\\/2f5220f3dc71c77621267927bc73d9cb\"},\"breadcrumb\":{\"@id\":\"https:\\\/\\\/turismo.benicassim.es\\\/va\\\/fusion-gastro-2\\\/#breadcrumb\"},\"inLanguage\":\"ca-CA\",\"potentialAction\":[{\"@type\":\"ReadAction\",\"target\":[\"https:\\\/\\\/turismo.benicassim.es\\\/va\\\/fusion-gastro-2\\\/\"]}]},{\"@type\":\"ImageObject\",\"inLanguage\":\"ca-CA\",\"@id\":\"https:\\\/\\\/turismo.benicassim.es\\\/va\\\/fusion-gastro-2\\\/#primaryimage\",\"url\":\"https:\\\/\\\/turismo.benicassim.es\\\/wp-content\\\/uploads\\\/2021\\\/10\\\/6161bcf81cfb8_festival-flamenco-maria-terremoto-2-1.jpg\",\"contentUrl\":\"https:\\\/\\\/turismo.benicassim.es\\\/wp-content\\\/uploads\\\/2021\\\/10\\\/6161bcf81cfb8_festival-flamenco-maria-terremoto-2-1.jpg\",\"width\":600,\"height\":399},{\"@type\":\"BreadcrumbList\",\"@id\":\"https:\\\/\\\/turismo.benicassim.es\\\/va\\\/fusion-gastro-2\\\/#breadcrumb\",\"itemListElement\":[{\"@type\":\"ListItem\",\"position\":1,\"name\":\"Inicio\",\"item\":\"https:\\\/\\\/turismo.benicassim.es\\\/va\\\/\"},{\"@type\":\"ListItem\",\"position\":2,\"name\":\"Mar\u00eda Terremoto obri l&#8217;escenari del VI Benic\u00e0ssim Flamenco Fusi\u00f3n Gastro Festival\"}]},{\"@type\":\"WebSite\",\"@id\":\"https:\\\/\\\/turismo.benicassim.es\\\/va\\\/#website\",\"url\":\"https:\\\/\\\/turismo.benicassim.es\\\/va\\\/\",\"name\":\"Benic\u00e0ssim Turismo\",\"description\":\"Web de informaci\u00f3n de Turismo en Benicasim\",\"potentialAction\":[{\"@type\":\"SearchAction\",\"target\":{\"@type\":\"EntryPoint\",\"urlTemplate\":\"https:\\\/\\\/turismo.benicassim.es\\\/va\\\/?s={search_term_string}\"},\"query-input\":{\"@type\":\"PropertyValueSpecification\",\"valueRequired\":true,\"valueName\":\"search_term_string\"}}],\"inLanguage\":\"ca-CA\"},{\"@type\":\"Person\",\"@id\":\"https:\\\/\\\/turismo.benicassim.es\\\/va\\\/#\\\/schema\\\/person\\\/2f5220f3dc71c77621267927bc73d9cb\",\"name\":\"admin\",\"image\":{\"@type\":\"ImageObject\",\"inLanguage\":\"ca-CA\",\"@id\":\"https:\\\/\\\/secure.gravatar.com\\\/avatar\\\/2c4da71cff4cfea4c5fd88d580f2148ebc01c3c1363d44d411f1c794529a9d67?s=96&d=mm&r=g\",\"url\":\"https:\\\/\\\/secure.gravatar.com\\\/avatar\\\/2c4da71cff4cfea4c5fd88d580f2148ebc01c3c1363d44d411f1c794529a9d67?s=96&d=mm&r=g\",\"contentUrl\":\"https:\\\/\\\/secure.gravatar.com\\\/avatar\\\/2c4da71cff4cfea4c5fd88d580f2148ebc01c3c1363d44d411f1c794529a9d67?s=96&d=mm&r=g\",\"caption\":\"admin\"},\"url\":\"https:\\\/\\\/turismo.benicassim.es\\\/va\\\/author\\\/import\\\/\"}]}<\/script>\n<!-- \/ Yoast SEO plugin. -->","yoast_head_json":{"title":"Mar\u00eda Terremoto obri l'escenari del VI Benic\u00e0ssim Flamenco Fusi\u00f3n Gastro Festival - Benic\u00e0ssim Turismo","robots":{"index":"index","follow":"follow","max-snippet":"max-snippet:-1","max-image-preview":"max-image-preview:large","max-video-preview":"max-video-preview:-1"},"canonical":"https:\/\/turismo.benicassim.es\/va\/fusion-gastro-2\/","og_locale":"en_US","og_type":"article","og_title":"Mar\u00eda Terremoto obri l'escenari del VI Benic\u00e0ssim Flamenco Fusi\u00f3n Gastro Festival - Benic\u00e0ssim Turismo","og_description":"&nbsp; L&#8217;escenari El Tablao acull l&#8217;actuaci\u00f3 d&#8217;una de les veus m\u00e9s rellevants del flamenc espanyol El follet flamenc ja es present a Benic\u00e0ssim. La sisena edici\u00f3 del Benic\u00e0ssim Flamenco Fusi\u00f3n Gastro Festival comen\u00e7a aquesta vesprada i fins el dimarts 12 el nucli urb\u00e0 del municipi s&#8217;omplir\u00e0 de m\u00fasica i gastronomia flamenca. El recinte situat en [&hellip;]","og_url":"https:\/\/turismo.benicassim.es\/va\/fusion-gastro-2\/","og_site_name":"Benic\u00e0ssim Turismo","article_published_time":"2021-10-18T10:59:20+00:00","article_modified_time":"2021-10-18T11:51:26+00:00","og_image":[{"width":600,"height":399,"url":"https:\/\/turismo.benicassim.es\/wp-content\/uploads\/2021\/10\/6161bcf81cfb8_festival-flamenco-maria-terremoto-2-1.jpg","type":"image\/jpeg"}],"author":"admin","twitter_card":"summary_large_image","twitter_misc":{"Written by":"admin","Est. reading time":"2 minutes"},"schema":{"@context":"https:\/\/schema.org","@graph":[{"@type":"Article","@id":"https:\/\/turismo.benicassim.es\/va\/fusion-gastro-2\/#article","isPartOf":{"@id":"https:\/\/turismo.benicassim.es\/va\/fusion-gastro-2\/"},"author":{"name":"admin","@id":"https:\/\/turismo.benicassim.es\/va\/#\/schema\/person\/2f5220f3dc71c77621267927bc73d9cb"},"headline":"Mar\u00eda Terremoto obri l&#8217;escenari del VI Benic\u00e0ssim Flamenco Fusi\u00f3n Gastro Festival","datePublished":"2021-10-18T10:59:20+00:00","dateModified":"2021-10-18T11:51:26+00:00","mainEntityOfPage":{"@id":"https:\/\/turismo.benicassim.es\/va\/fusion-gastro-2\/"},"wordCount":448,"image":{"@id":"https:\/\/turismo.benicassim.es\/va\/fusion-gastro-2\/#primaryimage"},"thumbnailUrl":"https:\/\/turismo.benicassim.es\/wp-content\/uploads\/2021\/10\/6161bcf81cfb8_festival-flamenco-maria-terremoto-2-1.jpg","articleSection":["Uncategorized @va"],"inLanguage":"ca-CA"},{"@type":"WebPage","@id":"https:\/\/turismo.benicassim.es\/va\/fusion-gastro-2\/","url":"https:\/\/turismo.benicassim.es\/va\/fusion-gastro-2\/","name":"Mar\u00eda Terremoto obri l'escenari del VI Benic\u00e0ssim Flamenco Fusi\u00f3n Gastro Festival - Benic\u00e0ssim Turismo","isPartOf":{"@id":"https:\/\/turismo.benicassim.es\/va\/#website"},"primaryImageOfPage":{"@id":"https:\/\/turismo.benicassim.es\/va\/fusion-gastro-2\/#primaryimage"},"image":{"@id":"https:\/\/turismo.benicassim.es\/va\/fusion-gastro-2\/#primaryimage"},"thumbnailUrl":"https:\/\/turismo.benicassim.es\/wp-content\/uploads\/2021\/10\/6161bcf81cfb8_festival-flamenco-maria-terremoto-2-1.jpg","datePublished":"2021-10-18T10:59:20+00:00","dateModified":"2021-10-18T11:51:26+00:00","author":{"@id":"https:\/\/turismo.benicassim.es\/va\/#\/schema\/person\/2f5220f3dc71c77621267927bc73d9cb"},"breadcrumb":{"@id":"https:\/\/turismo.benicassim.es\/va\/fusion-gastro-2\/#breadcrumb"},"inLanguage":"ca-CA","potentialAction":[{"@type":"ReadAction","target":["https:\/\/turismo.benicassim.es\/va\/fusion-gastro-2\/"]}]},{"@type":"ImageObject","inLanguage":"ca-CA","@id":"https:\/\/turismo.benicassim.es\/va\/fusion-gastro-2\/#primaryimage","url":"https:\/\/turismo.benicassim.es\/wp-content\/uploads\/2021\/10\/6161bcf81cfb8_festival-flamenco-maria-terremoto-2-1.jpg","contentUrl":"https:\/\/turismo.benicassim.es\/wp-content\/uploads\/2021\/10\/6161bcf81cfb8_festival-flamenco-maria-terremoto-2-1.jpg","width":600,"height":399},{"@type":"BreadcrumbList","@id":"https:\/\/turismo.benicassim.es\/va\/fusion-gastro-2\/#breadcrumb","itemListElement":[{"@type":"ListItem","position":1,"name":"Inicio","item":"https:\/\/turismo.benicassim.es\/va\/"},{"@type":"ListItem","position":2,"name":"Mar\u00eda Terremoto obri l&#8217;escenari del VI Benic\u00e0ssim Flamenco Fusi\u00f3n Gastro Festival"}]},{"@type":"WebSite","@id":"https:\/\/turismo.benicassim.es\/va\/#website","url":"https:\/\/turismo.benicassim.es\/va\/","name":"Benic\u00e0ssim Turismo","description":"Web de informaci\u00f3n de Turismo en Benicasim","potentialAction":[{"@type":"SearchAction","target":{"@type":"EntryPoint","urlTemplate":"https:\/\/turismo.benicassim.es\/va\/?s={search_term_string}"},"query-input":{"@type":"PropertyValueSpecification","valueRequired":true,"valueName":"search_term_string"}}],"inLanguage":"ca-CA"},{"@type":"Person","@id":"https:\/\/turismo.benicassim.es\/va\/#\/schema\/person\/2f5220f3dc71c77621267927bc73d9cb","name":"admin","image":{"@type":"ImageObject","inLanguage":"ca-CA","@id":"https:\/\/secure.gravatar.com\/avatar\/2c4da71cff4cfea4c5fd88d580f2148ebc01c3c1363d44d411f1c794529a9d67?s=96&d=mm&r=g","url":"https:\/\/secure.gravatar.com\/avatar\/2c4da71cff4cfea4c5fd88d580f2148ebc01c3c1363d44d411f1c794529a9d67?s=96&d=mm&r=g","contentUrl":"https:\/\/secure.gravatar.com\/avatar\/2c4da71cff4cfea4c5fd88d580f2148ebc01c3c1363d44d411f1c794529a9d67?s=96&d=mm&r=g","caption":"admin"},"url":"https:\/\/turismo.benicassim.es\/va\/author\/import\/"}]}},"_links":{"self":[{"href":"https:\/\/turismo.benicassim.es\/va\/wp-json\/wp\/v2\/posts\/62075","targetHints":{"allow":["GET"]}}],"collection":[{"href":"https:\/\/turismo.benicassim.es\/va\/wp-json\/wp\/v2\/posts"}],"about":[{"href":"https:\/\/turismo.benicassim.es\/va\/wp-json\/wp\/v2\/types\/post"}],"author":[{"embeddable":true,"href":"https:\/\/turismo.benicassim.es\/va\/wp-json\/wp\/v2\/users\/2"}],"replies":[{"embeddable":true,"href":"https:\/\/turismo.benicassim.es\/va\/wp-json\/wp\/v2\/comments?post=62075"}],"version-history":[{"count":3,"href":"https:\/\/turismo.benicassim.es\/va\/wp-json\/wp\/v2\/posts\/62075\/revisions"}],"predecessor-version":[{"id":62241,"href":"https:\/\/turismo.benicassim.es\/va\/wp-json\/wp\/v2\/posts\/62075\/revisions\/62241"}],"wp:featuredmedia":[{"embeddable":true,"href":"https:\/\/turismo.benicassim.es\/va\/wp-json\/wp\/v2\/media\/62207"}],"wp:attachment":[{"href":"https:\/\/turismo.benicassim.es\/va\/wp-json\/wp\/v2\/media?parent=62075"}],"wp:term":[{"taxonomy":"category","embeddable":true,"href":"https:\/\/turismo.benicassim.es\/va\/wp-json\/wp\/v2\/categories?post=62075"},{"taxonomy":"post_tag","embeddable":true,"href":"https:\/\/turismo.benicassim.es\/va\/wp-json\/wp\/v2\/tags?post=62075"}],"curies":[{"name":"wp","href":"https:\/\/api.w.org\/{rel}","templated":true}]}}