{"id":62638,"date":"2021-11-17T10:29:53","date_gmt":"2021-11-17T09:29:53","guid":{"rendered":"http:\/\/turismo.benicassim.es\/black-friday-en-benicassim-informate-de-nuestras-interesantes-ofertas\/"},"modified":"2021-11-17T10:44:50","modified_gmt":"2021-11-17T09:44:50","slug":"black-friday-en-benicassim-informate-de-nuestras-interesantes-ofertas","status":"publish","type":"post","link":"https:\/\/turismo.benicassim.es\/va\/black-friday-en-benicassim-informate-de-nuestras-interesantes-ofertas\/","title":{"rendered":"Black Friday a Benic\u00e0ssim. No et perdes les nostres propostes m\u00e9s avantatjoses!"},"content":{"rendered":"<p align=\"justify\">El <strong>Black Friday arriba a Benic\u00e0ssim<\/strong>. Presta molta atenci\u00f3 als importants descomptes que pots obtindre si contractes aquests dies allotjaments, paquets o activitats a Benic\u00e0ssim, serveis dels quals podr\u00e0s gaudir des del moment de la contractaci\u00f3 fins al 30 de juny de 2022.<\/p>\n<p align=\"justify\">Del 27 al 29 de novembre en el nostre portal podr\u00e0s contractar tota classe de serveis (allotjament, activitats, paquets\u2026) amb descomptes que oscil\u00b7len entre el 5% i el 8%.<\/p>\n<p align=\"justify\">En concret, si contractes un dels nostres paquets o nom\u00e9s allotjament, el descompte ascendeix a un 8% i si et decideixes a contractar una de les nostres activitats, obtindr\u00e0s un descompte del 5%.<\/p>\n<p align=\"justify\">En tots dos casos, <strong>el descompte \u00e9s v\u00e0lid si contractes el paquet, l&#8217;allotjament o l&#8217;activitat per a abans del 30 de juny de 2022<\/strong>.<\/p>\n<p align=\"justify\">La mec\u00e0nica per a realitzar la reserva \u00e9s l&#8217;habitual: tries el servei desitjat, selecciones les dates (sempre abans del 30 de juny de 2022) i apliques el codi promocional <strong>BENICASSIM-BLACKFRIDAY21<\/strong>. Autom\u00e0ticament, el sistema recalcular\u00e0 el preu de la reserva i abonar\u00e0s el preu amb el descompte.<\/p>\n<p align=\"justify\">Perqu\u00e8 el Black Friday va m\u00e9s enll\u00e0 dels productes tecnol\u00f2gics o la roba, arriba tamb\u00e9 al teu temps d&#8217;oci. Gr\u00e0cies a les excepcionals caracter\u00edstiques del clima de Benic\u00e0ssim, podr\u00e0s gaudir de la teua estada amb bon temps (quasi segur).<\/p>\n<p align=\"justify\">Fins pots aprofitar algun dels ponts o sorprendre la teua parella per Sant Valent\u00ed. Si et fixes, trobar\u00e0s alguns dels nostres paquets o activitats molt adequades per a l&#8217;ocasi\u00f3. Ac\u00ed ho deixem.<\/p>\n<p align=\"justify\">Amb <strong>BENICASSIM-BLACKFRIDAY21<\/strong> pots reservar la teua estada i programar les teues activitats per Setmana Santa i Pasqua, per a viatges en parella, amb amics o en fam\u00edlia. En la nostra web trobar\u00e0s una variada oferta que segur s&#8217;adapta a les teues necessitats.<\/p>\n<p align=\"justify\">No deixes passar aquesta proposta i avan\u00e7a&#8217;t per a reservar la teua estada a Benic\u00e0ssim (fins al 30 de juny de 2022) els dies 27, 28 i 29 de novembre i obtindr\u00e0s interessants descomptes.<\/p>\n","protected":false},"excerpt":{"rendered":"<p>El Black Friday arriba a Benic\u00e0ssim. Presta molta atenci\u00f3 als importants descomptes que pots obtindre si contractes aquests dies allotjaments, paquets o activitats a Benic\u00e0ssim, serveis dels quals podr\u00e0s gaudir des del moment de la contractaci\u00f3 fins al 30 de juny de 2022. Del 27 al 29 de novembre en el nostre portal podr\u00e0s contractar [&hellip;]<\/p>\n","protected":false},"author":4,"featured_media":62640,"comment_status":"open","ping_status":"open","sticky":false,"template":"","format":"standard","meta":{"_acf_changed":false,"footnotes":""},"categories":[117],"tags":[],"class_list":["post-62638","post","type-post","status-publish","format-standard","has-post-thumbnail","hentry","category-uncategorized-va"],"acf":[],"yoast_head":"<!-- This site is optimized with the Yoast SEO plugin v27.4 - https:\/\/yoast.com\/product\/yoast-seo-wordpress\/ -->\n<title>Black Friday a Benic\u00e0ssim. No et perdes les nostres propostes m\u00e9s avantatjoses! - Benic\u00e0ssim Turismo<\/title>\n<meta name=\"robots\" content=\"index, follow, max-snippet:-1, max-image-preview:large, max-video-preview:-1\" \/>\n<link rel=\"canonical\" href=\"https:\/\/turismo.benicassim.es\/va\/black-friday-en-benicassim-informate-de-nuestras-interesantes-ofertas\/\" \/>\n<meta property=\"og:locale\" content=\"en_US\" \/>\n<meta property=\"og:type\" content=\"article\" \/>\n<meta property=\"og:title\" content=\"Black Friday a Benic\u00e0ssim. No et perdes les nostres propostes m\u00e9s avantatjoses! - Benic\u00e0ssim Turismo\" \/>\n<meta property=\"og:description\" content=\"El Black Friday arriba a Benic\u00e0ssim. Presta molta atenci\u00f3 als importants descomptes que pots obtindre si contractes aquests dies allotjaments, paquets o activitats a Benic\u00e0ssim, serveis dels quals podr\u00e0s gaudir des del moment de la contractaci\u00f3 fins al 30 de juny de 2022. Del 27 al 29 de novembre en el nostre portal podr\u00e0s contractar [&hellip;]\" \/>\n<meta property=\"og:url\" content=\"https:\/\/turismo.benicassim.es\/va\/black-friday-en-benicassim-informate-de-nuestras-interesantes-ofertas\/\" \/>\n<meta property=\"og:site_name\" content=\"Benic\u00e0ssim Turismo\" \/>\n<meta property=\"article:published_time\" content=\"2021-11-17T09:29:53+00:00\" \/>\n<meta property=\"article:modified_time\" content=\"2021-11-17T09:44:50+00:00\" \/>\n<meta property=\"og:image\" content=\"https:\/\/turismo.benicassim.es\/wp-content\/uploads\/2021\/11\/Black-Friday-Bd-web.jpg\" \/>\n\t<meta property=\"og:image:width\" content=\"1566\" \/>\n\t<meta property=\"og:image:height\" content=\"1044\" \/>\n\t<meta property=\"og:image:type\" content=\"image\/jpeg\" \/>\n<meta name=\"author\" content=\"Benic\u00e0ssim Turismo\" \/>\n<meta name=\"twitter:card\" content=\"summary_large_image\" \/>\n<meta name=\"twitter:label1\" content=\"Written by\" \/>\n\t<meta name=\"twitter:data1\" content=\"Benic\u00e0ssim Turismo\" \/>\n\t<meta name=\"twitter:label2\" content=\"Est. reading time\" \/>\n\t<meta name=\"twitter:data2\" content=\"2 minutes\" \/>\n<script type=\"application\/ld+json\" class=\"yoast-schema-graph\">{\"@context\":\"https:\\\/\\\/schema.org\",\"@graph\":[{\"@type\":\"Article\",\"@id\":\"https:\\\/\\\/turismo.benicassim.es\\\/va\\\/black-friday-en-benicassim-informate-de-nuestras-interesantes-ofertas\\\/#article\",\"isPartOf\":{\"@id\":\"https:\\\/\\\/turismo.benicassim.es\\\/va\\\/black-friday-en-benicassim-informate-de-nuestras-interesantes-ofertas\\\/\"},\"author\":{\"name\":\"Benic\u00e0ssim Turismo\",\"@id\":\"https:\\\/\\\/turismo.benicassim.es\\\/va\\\/#\\\/schema\\\/person\\\/cc80f60d0d1b6d6495dbb482ebb77150\"},\"headline\":\"Black Friday a Benic\u00e0ssim. No et perdes les nostres propostes m\u00e9s avantatjoses!\",\"datePublished\":\"2021-11-17T09:29:53+00:00\",\"dateModified\":\"2021-11-17T09:44:50+00:00\",\"mainEntityOfPage\":{\"@id\":\"https:\\\/\\\/turismo.benicassim.es\\\/va\\\/black-friday-en-benicassim-informate-de-nuestras-interesantes-ofertas\\\/\"},\"wordCount\":342,\"commentCount\":0,\"image\":{\"@id\":\"https:\\\/\\\/turismo.benicassim.es\\\/va\\\/black-friday-en-benicassim-informate-de-nuestras-interesantes-ofertas\\\/#primaryimage\"},\"thumbnailUrl\":\"https:\\\/\\\/turismo.benicassim.es\\\/wp-content\\\/uploads\\\/2021\\\/11\\\/Black-Friday-Bd-web.jpg\",\"articleSection\":[\"Uncategorized @va\"],\"inLanguage\":\"ca-CA\",\"potentialAction\":[{\"@type\":\"CommentAction\",\"name\":\"Comment\",\"target\":[\"https:\\\/\\\/turismo.benicassim.es\\\/va\\\/black-friday-en-benicassim-informate-de-nuestras-interesantes-ofertas\\\/#respond\"]}]},{\"@type\":\"WebPage\",\"@id\":\"https:\\\/\\\/turismo.benicassim.es\\\/va\\\/black-friday-en-benicassim-informate-de-nuestras-interesantes-ofertas\\\/\",\"url\":\"https:\\\/\\\/turismo.benicassim.es\\\/va\\\/black-friday-en-benicassim-informate-de-nuestras-interesantes-ofertas\\\/\",\"name\":\"Black Friday a Benic\u00e0ssim. No et perdes les nostres propostes m\u00e9s avantatjoses! - Benic\u00e0ssim Turismo\",\"isPartOf\":{\"@id\":\"https:\\\/\\\/turismo.benicassim.es\\\/va\\\/#website\"},\"primaryImageOfPage\":{\"@id\":\"https:\\\/\\\/turismo.benicassim.es\\\/va\\\/black-friday-en-benicassim-informate-de-nuestras-interesantes-ofertas\\\/#primaryimage\"},\"image\":{\"@id\":\"https:\\\/\\\/turismo.benicassim.es\\\/va\\\/black-friday-en-benicassim-informate-de-nuestras-interesantes-ofertas\\\/#primaryimage\"},\"thumbnailUrl\":\"https:\\\/\\\/turismo.benicassim.es\\\/wp-content\\\/uploads\\\/2021\\\/11\\\/Black-Friday-Bd-web.jpg\",\"datePublished\":\"2021-11-17T09:29:53+00:00\",\"dateModified\":\"2021-11-17T09:44:50+00:00\",\"author\":{\"@id\":\"https:\\\/\\\/turismo.benicassim.es\\\/va\\\/#\\\/schema\\\/person\\\/cc80f60d0d1b6d6495dbb482ebb77150\"},\"breadcrumb\":{\"@id\":\"https:\\\/\\\/turismo.benicassim.es\\\/va\\\/black-friday-en-benicassim-informate-de-nuestras-interesantes-ofertas\\\/#breadcrumb\"},\"inLanguage\":\"ca-CA\",\"potentialAction\":[{\"@type\":\"ReadAction\",\"target\":[\"https:\\\/\\\/turismo.benicassim.es\\\/va\\\/black-friday-en-benicassim-informate-de-nuestras-interesantes-ofertas\\\/\"]}]},{\"@type\":\"ImageObject\",\"inLanguage\":\"ca-CA\",\"@id\":\"https:\\\/\\\/turismo.benicassim.es\\\/va\\\/black-friday-en-benicassim-informate-de-nuestras-interesantes-ofertas\\\/#primaryimage\",\"url\":\"https:\\\/\\\/turismo.benicassim.es\\\/wp-content\\\/uploads\\\/2021\\\/11\\\/Black-Friday-Bd-web.jpg\",\"contentUrl\":\"https:\\\/\\\/turismo.benicassim.es\\\/wp-content\\\/uploads\\\/2021\\\/11\\\/Black-Friday-Bd-web.jpg\",\"width\":1566,\"height\":1044},{\"@type\":\"BreadcrumbList\",\"@id\":\"https:\\\/\\\/turismo.benicassim.es\\\/va\\\/black-friday-en-benicassim-informate-de-nuestras-interesantes-ofertas\\\/#breadcrumb\",\"itemListElement\":[{\"@type\":\"ListItem\",\"position\":1,\"name\":\"Inicio\",\"item\":\"https:\\\/\\\/turismo.benicassim.es\\\/va\\\/\"},{\"@type\":\"ListItem\",\"position\":2,\"name\":\"Black Friday a Benic\u00e0ssim. No et perdes les nostres propostes m\u00e9s avantatjoses!\"}]},{\"@type\":\"WebSite\",\"@id\":\"https:\\\/\\\/turismo.benicassim.es\\\/va\\\/#website\",\"url\":\"https:\\\/\\\/turismo.benicassim.es\\\/va\\\/\",\"name\":\"Benic\u00e0ssim Turismo\",\"description\":\"Web de informaci\u00f3n de Turismo en Benicasim\",\"potentialAction\":[{\"@type\":\"SearchAction\",\"target\":{\"@type\":\"EntryPoint\",\"urlTemplate\":\"https:\\\/\\\/turismo.benicassim.es\\\/va\\\/?s={search_term_string}\"},\"query-input\":{\"@type\":\"PropertyValueSpecification\",\"valueRequired\":true,\"valueName\":\"search_term_string\"}}],\"inLanguage\":\"ca-CA\"},{\"@type\":\"Person\",\"@id\":\"https:\\\/\\\/turismo.benicassim.es\\\/va\\\/#\\\/schema\\\/person\\\/cc80f60d0d1b6d6495dbb482ebb77150\",\"name\":\"Benic\u00e0ssim Turismo\",\"image\":{\"@type\":\"ImageObject\",\"inLanguage\":\"ca-CA\",\"@id\":\"https:\\\/\\\/secure.gravatar.com\\\/avatar\\\/fb5faeea4214cf3915791705829013307818cf2deb083008adf9a43dd4fa66cc?s=96&d=mm&r=g\",\"url\":\"https:\\\/\\\/secure.gravatar.com\\\/avatar\\\/fb5faeea4214cf3915791705829013307818cf2deb083008adf9a43dd4fa66cc?s=96&d=mm&r=g\",\"contentUrl\":\"https:\\\/\\\/secure.gravatar.com\\\/avatar\\\/fb5faeea4214cf3915791705829013307818cf2deb083008adf9a43dd4fa66cc?s=96&d=mm&r=g\",\"caption\":\"Benic\u00e0ssim Turismo\"},\"url\":\"https:\\\/\\\/turismo.benicassim.es\\\/va\\\/author\\\/turismo\\\/\"}]}<\/script>\n<!-- \/ Yoast SEO plugin. -->","yoast_head_json":{"title":"Black Friday a Benic\u00e0ssim. No et perdes les nostres propostes m\u00e9s avantatjoses! - Benic\u00e0ssim Turismo","robots":{"index":"index","follow":"follow","max-snippet":"max-snippet:-1","max-image-preview":"max-image-preview:large","max-video-preview":"max-video-preview:-1"},"canonical":"https:\/\/turismo.benicassim.es\/va\/black-friday-en-benicassim-informate-de-nuestras-interesantes-ofertas\/","og_locale":"en_US","og_type":"article","og_title":"Black Friday a Benic\u00e0ssim. No et perdes les nostres propostes m\u00e9s avantatjoses! - Benic\u00e0ssim Turismo","og_description":"El Black Friday arriba a Benic\u00e0ssim. Presta molta atenci\u00f3 als importants descomptes que pots obtindre si contractes aquests dies allotjaments, paquets o activitats a Benic\u00e0ssim, serveis dels quals podr\u00e0s gaudir des del moment de la contractaci\u00f3 fins al 30 de juny de 2022. Del 27 al 29 de novembre en el nostre portal podr\u00e0s contractar [&hellip;]","og_url":"https:\/\/turismo.benicassim.es\/va\/black-friday-en-benicassim-informate-de-nuestras-interesantes-ofertas\/","og_site_name":"Benic\u00e0ssim Turismo","article_published_time":"2021-11-17T09:29:53+00:00","article_modified_time":"2021-11-17T09:44:50+00:00","og_image":[{"width":1566,"height":1044,"url":"https:\/\/turismo.benicassim.es\/wp-content\/uploads\/2021\/11\/Black-Friday-Bd-web.jpg","type":"image\/jpeg"}],"author":"Benic\u00e0ssim Turismo","twitter_card":"summary_large_image","twitter_misc":{"Written by":"Benic\u00e0ssim Turismo","Est. reading time":"2 minutes"},"schema":{"@context":"https:\/\/schema.org","@graph":[{"@type":"Article","@id":"https:\/\/turismo.benicassim.es\/va\/black-friday-en-benicassim-informate-de-nuestras-interesantes-ofertas\/#article","isPartOf":{"@id":"https:\/\/turismo.benicassim.es\/va\/black-friday-en-benicassim-informate-de-nuestras-interesantes-ofertas\/"},"author":{"name":"Benic\u00e0ssim Turismo","@id":"https:\/\/turismo.benicassim.es\/va\/#\/schema\/person\/cc80f60d0d1b6d6495dbb482ebb77150"},"headline":"Black Friday a Benic\u00e0ssim. No et perdes les nostres propostes m\u00e9s avantatjoses!","datePublished":"2021-11-17T09:29:53+00:00","dateModified":"2021-11-17T09:44:50+00:00","mainEntityOfPage":{"@id":"https:\/\/turismo.benicassim.es\/va\/black-friday-en-benicassim-informate-de-nuestras-interesantes-ofertas\/"},"wordCount":342,"commentCount":0,"image":{"@id":"https:\/\/turismo.benicassim.es\/va\/black-friday-en-benicassim-informate-de-nuestras-interesantes-ofertas\/#primaryimage"},"thumbnailUrl":"https:\/\/turismo.benicassim.es\/wp-content\/uploads\/2021\/11\/Black-Friday-Bd-web.jpg","articleSection":["Uncategorized @va"],"inLanguage":"ca-CA","potentialAction":[{"@type":"CommentAction","name":"Comment","target":["https:\/\/turismo.benicassim.es\/va\/black-friday-en-benicassim-informate-de-nuestras-interesantes-ofertas\/#respond"]}]},{"@type":"WebPage","@id":"https:\/\/turismo.benicassim.es\/va\/black-friday-en-benicassim-informate-de-nuestras-interesantes-ofertas\/","url":"https:\/\/turismo.benicassim.es\/va\/black-friday-en-benicassim-informate-de-nuestras-interesantes-ofertas\/","name":"Black Friday a Benic\u00e0ssim. No et perdes les nostres propostes m\u00e9s avantatjoses! - Benic\u00e0ssim Turismo","isPartOf":{"@id":"https:\/\/turismo.benicassim.es\/va\/#website"},"primaryImageOfPage":{"@id":"https:\/\/turismo.benicassim.es\/va\/black-friday-en-benicassim-informate-de-nuestras-interesantes-ofertas\/#primaryimage"},"image":{"@id":"https:\/\/turismo.benicassim.es\/va\/black-friday-en-benicassim-informate-de-nuestras-interesantes-ofertas\/#primaryimage"},"thumbnailUrl":"https:\/\/turismo.benicassim.es\/wp-content\/uploads\/2021\/11\/Black-Friday-Bd-web.jpg","datePublished":"2021-11-17T09:29:53+00:00","dateModified":"2021-11-17T09:44:50+00:00","author":{"@id":"https:\/\/turismo.benicassim.es\/va\/#\/schema\/person\/cc80f60d0d1b6d6495dbb482ebb77150"},"breadcrumb":{"@id":"https:\/\/turismo.benicassim.es\/va\/black-friday-en-benicassim-informate-de-nuestras-interesantes-ofertas\/#breadcrumb"},"inLanguage":"ca-CA","potentialAction":[{"@type":"ReadAction","target":["https:\/\/turismo.benicassim.es\/va\/black-friday-en-benicassim-informate-de-nuestras-interesantes-ofertas\/"]}]},{"@type":"ImageObject","inLanguage":"ca-CA","@id":"https:\/\/turismo.benicassim.es\/va\/black-friday-en-benicassim-informate-de-nuestras-interesantes-ofertas\/#primaryimage","url":"https:\/\/turismo.benicassim.es\/wp-content\/uploads\/2021\/11\/Black-Friday-Bd-web.jpg","contentUrl":"https:\/\/turismo.benicassim.es\/wp-content\/uploads\/2021\/11\/Black-Friday-Bd-web.jpg","width":1566,"height":1044},{"@type":"BreadcrumbList","@id":"https:\/\/turismo.benicassim.es\/va\/black-friday-en-benicassim-informate-de-nuestras-interesantes-ofertas\/#breadcrumb","itemListElement":[{"@type":"ListItem","position":1,"name":"Inicio","item":"https:\/\/turismo.benicassim.es\/va\/"},{"@type":"ListItem","position":2,"name":"Black Friday a Benic\u00e0ssim. No et perdes les nostres propostes m\u00e9s avantatjoses!"}]},{"@type":"WebSite","@id":"https:\/\/turismo.benicassim.es\/va\/#website","url":"https:\/\/turismo.benicassim.es\/va\/","name":"Benic\u00e0ssim Turismo","description":"Web de informaci\u00f3n de Turismo en Benicasim","potentialAction":[{"@type":"SearchAction","target":{"@type":"EntryPoint","urlTemplate":"https:\/\/turismo.benicassim.es\/va\/?s={search_term_string}"},"query-input":{"@type":"PropertyValueSpecification","valueRequired":true,"valueName":"search_term_string"}}],"inLanguage":"ca-CA"},{"@type":"Person","@id":"https:\/\/turismo.benicassim.es\/va\/#\/schema\/person\/cc80f60d0d1b6d6495dbb482ebb77150","name":"Benic\u00e0ssim Turismo","image":{"@type":"ImageObject","inLanguage":"ca-CA","@id":"https:\/\/secure.gravatar.com\/avatar\/fb5faeea4214cf3915791705829013307818cf2deb083008adf9a43dd4fa66cc?s=96&d=mm&r=g","url":"https:\/\/secure.gravatar.com\/avatar\/fb5faeea4214cf3915791705829013307818cf2deb083008adf9a43dd4fa66cc?s=96&d=mm&r=g","contentUrl":"https:\/\/secure.gravatar.com\/avatar\/fb5faeea4214cf3915791705829013307818cf2deb083008adf9a43dd4fa66cc?s=96&d=mm&r=g","caption":"Benic\u00e0ssim Turismo"},"url":"https:\/\/turismo.benicassim.es\/va\/author\/turismo\/"}]}},"_links":{"self":[{"href":"https:\/\/turismo.benicassim.es\/va\/wp-json\/wp\/v2\/posts\/62638","targetHints":{"allow":["GET"]}}],"collection":[{"href":"https:\/\/turismo.benicassim.es\/va\/wp-json\/wp\/v2\/posts"}],"about":[{"href":"https:\/\/turismo.benicassim.es\/va\/wp-json\/wp\/v2\/types\/post"}],"author":[{"embeddable":true,"href":"https:\/\/turismo.benicassim.es\/va\/wp-json\/wp\/v2\/users\/4"}],"replies":[{"embeddable":true,"href":"https:\/\/turismo.benicassim.es\/va\/wp-json\/wp\/v2\/comments?post=62638"}],"version-history":[{"count":3,"href":"https:\/\/turismo.benicassim.es\/va\/wp-json\/wp\/v2\/posts\/62638\/revisions"}],"predecessor-version":[{"id":70027,"href":"https:\/\/turismo.benicassim.es\/va\/wp-json\/wp\/v2\/posts\/62638\/revisions\/70027"}],"wp:featuredmedia":[{"embeddable":true,"href":"https:\/\/turismo.benicassim.es\/va\/wp-json\/wp\/v2\/media\/62640"}],"wp:attachment":[{"href":"https:\/\/turismo.benicassim.es\/va\/wp-json\/wp\/v2\/media?parent=62638"}],"wp:term":[{"taxonomy":"category","embeddable":true,"href":"https:\/\/turismo.benicassim.es\/va\/wp-json\/wp\/v2\/categories?post=62638"},{"taxonomy":"post_tag","embeddable":true,"href":"https:\/\/turismo.benicassim.es\/va\/wp-json\/wp\/v2\/tags?post=62638"}],"curies":[{"name":"wp","href":"https:\/\/api.w.org\/{rel}","templated":true}]}}