{"id":69615,"date":"2023-02-14T16:13:51","date_gmt":"2023-02-14T15:13:51","guid":{"rendered":"https:\/\/turismo.benicassim.es\/benicassim-abre-el-plazo-de-un-mes-para-quienes-quieran-optar-a-ser-representantes-de-las-proximas-fiestas-patronales\/"},"modified":"2023-02-14T16:16:11","modified_gmt":"2023-02-14T15:16:11","slug":"benicassim-abre-el-plazo-de-un-mes-para-quienes-quieran-optar-a-ser-representantes-de-las-proximas-fiestas-patronales","status":"publish","type":"post","link":"https:\/\/turismo.benicassim.es\/va\/benicassim-abre-el-plazo-de-un-mes-para-quienes-quieran-optar-a-ser-representantes-de-las-proximas-fiestas-patronales\/","title":{"rendered":"Benic\u00e0ssim obri el termini d&#8217;un mes per als qui vulguen optar a ser representants de les pr\u00f2ximes Festes Patronals"},"content":{"rendered":"<p class=\"western\" align=\"center\"><span style=\"color: #000000;\"><span style=\"font-size: large;\"><i><b>Per segon any consecutiu tant xiquetes com xiquets tindr\u00e0 l&#8217;oportunitat d&#8217;entrar en la comitiva de representants en igualtat de condicions <\/b><\/i><\/span><\/span><\/p>\n<p class=\"western\" align=\"right\"><i>Benic\u00e0ssim, 14 de febrer de 2023<\/i><\/p>\n<p class=\"western\"><span style=\"color: #000000;\"><span style=\"font-family: Verdana, serif;\"><span style=\"font-size: small;\">Dem\u00e0, 15 de febrer comen\u00e7a el termini per a presentar la sol\u00b7licitud i optar a poder representar a Benic\u00e0ssim tant en les festes de setembre en honor a Sant Tom\u00e0s de Villanueva de 2023, com les de gener de 2024 en honor a sant Antoni Abat i a Santa \u00c0gueda. Per segon any consecutiu tant xiquetes com xiquets tindran l&#8217;oportunitat d&#8217;entrar en la comitiva de representants en igualtat de condicions.<\/span><\/span><\/span><\/p>\n<p class=\"western\"><span style=\"color: #000000;\"><span style=\"font-family: Verdana, serif;\"><span style=\"font-size: small;\">En aquest sentit, l&#8217;alcaldessa de Benic\u00e0ssim, Susana Marqu\u00e9s, ha destacat que, \u201cAnimem que tant a les xiques com els xics, xiquetes i xiquets que els fa\u00e7a il\u00b7lusi\u00f3 donen pas avant per a representar a Benic\u00e0ssim, tots els que han passat per ac\u00ed saben que \u00e9s un any que es recorda per a tota la vida. Es tracta d&#8217;una emoci\u00f3 indescriptible i irrepetible que tot benicassut hauria de viure almenys una vegada en la vida\u201d.<\/span><\/span><\/span><\/p>\n<p class=\"western\"><span style=\"color: #000000;\"><span style=\"font-family: Verdana, serif;\"><span style=\"font-size: small;\">La cort d&#8217;honor infantil enguany estar\u00e0 integrada pels nascuts en 2013, mentre que els majors seran la generaci\u00f3 que tenen en l&#8217;actualitat entre 18 i 20 anys. Aquelles persones interessades a poder optar a representar a la ciutat en les seues pr\u00f2ximes festes patronals, podran fer-ho presentant la seua sol\u00b7licitud a trav\u00e9s de la seu electr\u00f2nica de l&#8217;ajuntament de Benic\u00e0ssim o de manera presencial a trav\u00e9s d&#8217;inst\u00e0ncia general en el Servei d&#8217;Informaci\u00f3 de Ciutadana -SIC- de dilluns a divendres en horari 08 a 17h de manera ininterrompuda.<\/span><\/span><\/span><\/p>\n","protected":false},"excerpt":{"rendered":"<p>Per segon any consecutiu tant xiquetes com xiquets tindr\u00e0 l&#8217;oportunitat d&#8217;entrar en la comitiva de representants en igualtat de condicions Benic\u00e0ssim, 14 de febrer de 2023 Dem\u00e0, 15 de febrer comen\u00e7a el termini per a presentar la sol\u00b7licitud i optar a poder representar a Benic\u00e0ssim tant en les festes de setembre en honor a Sant [&hellip;]<\/p>\n","protected":false},"author":4,"featured_media":69616,"comment_status":"open","ping_status":"open","sticky":false,"template":"","format":"standard","meta":{"_acf_changed":false,"footnotes":""},"categories":[117],"tags":[575,576,577,578,579,580],"class_list":["post-69615","post","type-post","status-publish","format-standard","has-post-thumbnail","hentry","category-uncategorized-va","tag-festeras-benicasim-va","tag-festeras-benicassim-va","tag-festeros-benicasim-va","tag-festeros-benicassim-va","tag-fiestas-benicassim-va","tag-representantes-fiestas-benicasim-va"],"acf":[],"yoast_head":"<!-- This site is optimized with the Yoast SEO plugin v27.4 - https:\/\/yoast.com\/product\/yoast-seo-wordpress\/ -->\n<title>Benic\u00e0ssim obri el termini d&#039;un mes per als qui vulguen optar a ser representants de les pr\u00f2ximes Festes Patronals - Benic\u00e0ssim Turismo<\/title>\n<meta name=\"robots\" content=\"index, follow, max-snippet:-1, max-image-preview:large, max-video-preview:-1\" \/>\n<link rel=\"canonical\" href=\"https:\/\/turismo.benicassim.es\/va\/benicassim-abre-el-plazo-de-un-mes-para-quienes-quieran-optar-a-ser-representantes-de-las-proximas-fiestas-patronales\/\" \/>\n<meta property=\"og:locale\" content=\"en_US\" \/>\n<meta property=\"og:type\" content=\"article\" \/>\n<meta property=\"og:title\" content=\"Benic\u00e0ssim obri el termini d&#039;un mes per als qui vulguen optar a ser representants de les pr\u00f2ximes Festes Patronals - Benic\u00e0ssim Turismo\" \/>\n<meta property=\"og:description\" content=\"Per segon any consecutiu tant xiquetes com xiquets tindr\u00e0 l&#8217;oportunitat d&#8217;entrar en la comitiva de representants en igualtat de condicions Benic\u00e0ssim, 14 de febrer de 2023 Dem\u00e0, 15 de febrer comen\u00e7a el termini per a presentar la sol\u00b7licitud i optar a poder representar a Benic\u00e0ssim tant en les festes de setembre en honor a Sant [&hellip;]\" \/>\n<meta property=\"og:url\" content=\"https:\/\/turismo.benicassim.es\/va\/benicassim-abre-el-plazo-de-un-mes-para-quienes-quieran-optar-a-ser-representantes-de-las-proximas-fiestas-patronales\/\" \/>\n<meta property=\"og:site_name\" content=\"Benic\u00e0ssim Turismo\" \/>\n<meta property=\"article:published_time\" content=\"2023-02-14T15:13:51+00:00\" \/>\n<meta property=\"article:modified_time\" content=\"2023-02-14T15:16:11+00:00\" \/>\n<meta property=\"og:image\" content=\"https:\/\/turismo.benicassim.es\/wp-content\/uploads\/2023\/02\/FOTO_Festers14febrero2023.jpg\" \/>\n\t<meta property=\"og:image:width\" content=\"1600\" \/>\n\t<meta property=\"og:image:height\" content=\"930\" \/>\n\t<meta property=\"og:image:type\" content=\"image\/jpeg\" \/>\n<meta name=\"author\" content=\"Benic\u00e0ssim Turismo\" \/>\n<meta name=\"twitter:card\" content=\"summary_large_image\" \/>\n<meta name=\"twitter:label1\" content=\"Written by\" \/>\n\t<meta name=\"twitter:data1\" content=\"Benic\u00e0ssim Turismo\" \/>\n\t<meta name=\"twitter:label2\" content=\"Est. reading time\" \/>\n\t<meta name=\"twitter:data2\" content=\"2 minutes\" \/>\n<script type=\"application\/ld+json\" class=\"yoast-schema-graph\">{\"@context\":\"https:\\\/\\\/schema.org\",\"@graph\":[{\"@type\":\"Article\",\"@id\":\"https:\\\/\\\/turismo.benicassim.es\\\/va\\\/benicassim-abre-el-plazo-de-un-mes-para-quienes-quieran-optar-a-ser-representantes-de-las-proximas-fiestas-patronales\\\/#article\",\"isPartOf\":{\"@id\":\"https:\\\/\\\/turismo.benicassim.es\\\/va\\\/benicassim-abre-el-plazo-de-un-mes-para-quienes-quieran-optar-a-ser-representantes-de-las-proximas-fiestas-patronales\\\/\"},\"author\":{\"name\":\"Benic\u00e0ssim Turismo\",\"@id\":\"https:\\\/\\\/turismo.benicassim.es\\\/va\\\/#\\\/schema\\\/person\\\/cc80f60d0d1b6d6495dbb482ebb77150\"},\"headline\":\"Benic\u00e0ssim obri el termini d&#8217;un mes per als qui vulguen optar a ser representants de les pr\u00f2ximes Festes Patronals\",\"datePublished\":\"2023-02-14T15:13:51+00:00\",\"dateModified\":\"2023-02-14T15:16:11+00:00\",\"mainEntityOfPage\":{\"@id\":\"https:\\\/\\\/turismo.benicassim.es\\\/va\\\/benicassim-abre-el-plazo-de-un-mes-para-quienes-quieran-optar-a-ser-representantes-de-las-proximas-fiestas-patronales\\\/\"},\"wordCount\":286,\"commentCount\":0,\"image\":{\"@id\":\"https:\\\/\\\/turismo.benicassim.es\\\/va\\\/benicassim-abre-el-plazo-de-un-mes-para-quienes-quieran-optar-a-ser-representantes-de-las-proximas-fiestas-patronales\\\/#primaryimage\"},\"thumbnailUrl\":\"https:\\\/\\\/turismo.benicassim.es\\\/wp-content\\\/uploads\\\/2023\\\/02\\\/FOTO_Festers14febrero2023.jpg\",\"keywords\":[\"festeras Benicasim\",\"festeras Benic\u00e0ssim\",\"festeros Benicasim\",\"festeros Benic\u00e0ssim\",\"fiestas Benic\u00e0ssim\",\"representantes fiestas Benicasim\"],\"articleSection\":[\"Uncategorized @va\"],\"inLanguage\":\"ca-CA\",\"potentialAction\":[{\"@type\":\"CommentAction\",\"name\":\"Comment\",\"target\":[\"https:\\\/\\\/turismo.benicassim.es\\\/va\\\/benicassim-abre-el-plazo-de-un-mes-para-quienes-quieran-optar-a-ser-representantes-de-las-proximas-fiestas-patronales\\\/#respond\"]}]},{\"@type\":\"WebPage\",\"@id\":\"https:\\\/\\\/turismo.benicassim.es\\\/va\\\/benicassim-abre-el-plazo-de-un-mes-para-quienes-quieran-optar-a-ser-representantes-de-las-proximas-fiestas-patronales\\\/\",\"url\":\"https:\\\/\\\/turismo.benicassim.es\\\/va\\\/benicassim-abre-el-plazo-de-un-mes-para-quienes-quieran-optar-a-ser-representantes-de-las-proximas-fiestas-patronales\\\/\",\"name\":\"Benic\u00e0ssim obri el termini d'un mes per als qui vulguen optar a ser representants de les pr\u00f2ximes Festes Patronals - Benic\u00e0ssim Turismo\",\"isPartOf\":{\"@id\":\"https:\\\/\\\/turismo.benicassim.es\\\/va\\\/#website\"},\"primaryImageOfPage\":{\"@id\":\"https:\\\/\\\/turismo.benicassim.es\\\/va\\\/benicassim-abre-el-plazo-de-un-mes-para-quienes-quieran-optar-a-ser-representantes-de-las-proximas-fiestas-patronales\\\/#primaryimage\"},\"image\":{\"@id\":\"https:\\\/\\\/turismo.benicassim.es\\\/va\\\/benicassim-abre-el-plazo-de-un-mes-para-quienes-quieran-optar-a-ser-representantes-de-las-proximas-fiestas-patronales\\\/#primaryimage\"},\"thumbnailUrl\":\"https:\\\/\\\/turismo.benicassim.es\\\/wp-content\\\/uploads\\\/2023\\\/02\\\/FOTO_Festers14febrero2023.jpg\",\"datePublished\":\"2023-02-14T15:13:51+00:00\",\"dateModified\":\"2023-02-14T15:16:11+00:00\",\"author\":{\"@id\":\"https:\\\/\\\/turismo.benicassim.es\\\/va\\\/#\\\/schema\\\/person\\\/cc80f60d0d1b6d6495dbb482ebb77150\"},\"breadcrumb\":{\"@id\":\"https:\\\/\\\/turismo.benicassim.es\\\/va\\\/benicassim-abre-el-plazo-de-un-mes-para-quienes-quieran-optar-a-ser-representantes-de-las-proximas-fiestas-patronales\\\/#breadcrumb\"},\"inLanguage\":\"ca-CA\",\"potentialAction\":[{\"@type\":\"ReadAction\",\"target\":[\"https:\\\/\\\/turismo.benicassim.es\\\/va\\\/benicassim-abre-el-plazo-de-un-mes-para-quienes-quieran-optar-a-ser-representantes-de-las-proximas-fiestas-patronales\\\/\"]}]},{\"@type\":\"ImageObject\",\"inLanguage\":\"ca-CA\",\"@id\":\"https:\\\/\\\/turismo.benicassim.es\\\/va\\\/benicassim-abre-el-plazo-de-un-mes-para-quienes-quieran-optar-a-ser-representantes-de-las-proximas-fiestas-patronales\\\/#primaryimage\",\"url\":\"https:\\\/\\\/turismo.benicassim.es\\\/wp-content\\\/uploads\\\/2023\\\/02\\\/FOTO_Festers14febrero2023.jpg\",\"contentUrl\":\"https:\\\/\\\/turismo.benicassim.es\\\/wp-content\\\/uploads\\\/2023\\\/02\\\/FOTO_Festers14febrero2023.jpg\",\"width\":1600,\"height\":930,\"caption\":\"Representantes de las fiestas de Benic\u00e0ssim 2022-2023\"},{\"@type\":\"BreadcrumbList\",\"@id\":\"https:\\\/\\\/turismo.benicassim.es\\\/va\\\/benicassim-abre-el-plazo-de-un-mes-para-quienes-quieran-optar-a-ser-representantes-de-las-proximas-fiestas-patronales\\\/#breadcrumb\",\"itemListElement\":[{\"@type\":\"ListItem\",\"position\":1,\"name\":\"Inicio\",\"item\":\"https:\\\/\\\/turismo.benicassim.es\\\/va\\\/\"},{\"@type\":\"ListItem\",\"position\":2,\"name\":\"Benic\u00e0ssim obri el termini d&#8217;un mes per als qui vulguen optar a ser representants de les pr\u00f2ximes Festes Patronals\"}]},{\"@type\":\"WebSite\",\"@id\":\"https:\\\/\\\/turismo.benicassim.es\\\/va\\\/#website\",\"url\":\"https:\\\/\\\/turismo.benicassim.es\\\/va\\\/\",\"name\":\"Benic\u00e0ssim Turismo\",\"description\":\"Web de informaci\u00f3n de Turismo en Benicasim\",\"potentialAction\":[{\"@type\":\"SearchAction\",\"target\":{\"@type\":\"EntryPoint\",\"urlTemplate\":\"https:\\\/\\\/turismo.benicassim.es\\\/va\\\/?s={search_term_string}\"},\"query-input\":{\"@type\":\"PropertyValueSpecification\",\"valueRequired\":true,\"valueName\":\"search_term_string\"}}],\"inLanguage\":\"ca-CA\"},{\"@type\":\"Person\",\"@id\":\"https:\\\/\\\/turismo.benicassim.es\\\/va\\\/#\\\/schema\\\/person\\\/cc80f60d0d1b6d6495dbb482ebb77150\",\"name\":\"Benic\u00e0ssim Turismo\",\"image\":{\"@type\":\"ImageObject\",\"inLanguage\":\"ca-CA\",\"@id\":\"https:\\\/\\\/secure.gravatar.com\\\/avatar\\\/fb5faeea4214cf3915791705829013307818cf2deb083008adf9a43dd4fa66cc?s=96&d=mm&r=g\",\"url\":\"https:\\\/\\\/secure.gravatar.com\\\/avatar\\\/fb5faeea4214cf3915791705829013307818cf2deb083008adf9a43dd4fa66cc?s=96&d=mm&r=g\",\"contentUrl\":\"https:\\\/\\\/secure.gravatar.com\\\/avatar\\\/fb5faeea4214cf3915791705829013307818cf2deb083008adf9a43dd4fa66cc?s=96&d=mm&r=g\",\"caption\":\"Benic\u00e0ssim Turismo\"},\"url\":\"https:\\\/\\\/turismo.benicassim.es\\\/va\\\/author\\\/turismo\\\/\"}]}<\/script>\n<!-- \/ Yoast SEO plugin. -->","yoast_head_json":{"title":"Benic\u00e0ssim obri el termini d'un mes per als qui vulguen optar a ser representants de les pr\u00f2ximes Festes Patronals - Benic\u00e0ssim Turismo","robots":{"index":"index","follow":"follow","max-snippet":"max-snippet:-1","max-image-preview":"max-image-preview:large","max-video-preview":"max-video-preview:-1"},"canonical":"https:\/\/turismo.benicassim.es\/va\/benicassim-abre-el-plazo-de-un-mes-para-quienes-quieran-optar-a-ser-representantes-de-las-proximas-fiestas-patronales\/","og_locale":"en_US","og_type":"article","og_title":"Benic\u00e0ssim obri el termini d'un mes per als qui vulguen optar a ser representants de les pr\u00f2ximes Festes Patronals - Benic\u00e0ssim Turismo","og_description":"Per segon any consecutiu tant xiquetes com xiquets tindr\u00e0 l&#8217;oportunitat d&#8217;entrar en la comitiva de representants en igualtat de condicions Benic\u00e0ssim, 14 de febrer de 2023 Dem\u00e0, 15 de febrer comen\u00e7a el termini per a presentar la sol\u00b7licitud i optar a poder representar a Benic\u00e0ssim tant en les festes de setembre en honor a Sant [&hellip;]","og_url":"https:\/\/turismo.benicassim.es\/va\/benicassim-abre-el-plazo-de-un-mes-para-quienes-quieran-optar-a-ser-representantes-de-las-proximas-fiestas-patronales\/","og_site_name":"Benic\u00e0ssim Turismo","article_published_time":"2023-02-14T15:13:51+00:00","article_modified_time":"2023-02-14T15:16:11+00:00","og_image":[{"width":1600,"height":930,"url":"https:\/\/turismo.benicassim.es\/wp-content\/uploads\/2023\/02\/FOTO_Festers14febrero2023.jpg","type":"image\/jpeg"}],"author":"Benic\u00e0ssim Turismo","twitter_card":"summary_large_image","twitter_misc":{"Written by":"Benic\u00e0ssim Turismo","Est. reading time":"2 minutes"},"schema":{"@context":"https:\/\/schema.org","@graph":[{"@type":"Article","@id":"https:\/\/turismo.benicassim.es\/va\/benicassim-abre-el-plazo-de-un-mes-para-quienes-quieran-optar-a-ser-representantes-de-las-proximas-fiestas-patronales\/#article","isPartOf":{"@id":"https:\/\/turismo.benicassim.es\/va\/benicassim-abre-el-plazo-de-un-mes-para-quienes-quieran-optar-a-ser-representantes-de-las-proximas-fiestas-patronales\/"},"author":{"name":"Benic\u00e0ssim Turismo","@id":"https:\/\/turismo.benicassim.es\/va\/#\/schema\/person\/cc80f60d0d1b6d6495dbb482ebb77150"},"headline":"Benic\u00e0ssim obri el termini d&#8217;un mes per als qui vulguen optar a ser representants de les pr\u00f2ximes Festes Patronals","datePublished":"2023-02-14T15:13:51+00:00","dateModified":"2023-02-14T15:16:11+00:00","mainEntityOfPage":{"@id":"https:\/\/turismo.benicassim.es\/va\/benicassim-abre-el-plazo-de-un-mes-para-quienes-quieran-optar-a-ser-representantes-de-las-proximas-fiestas-patronales\/"},"wordCount":286,"commentCount":0,"image":{"@id":"https:\/\/turismo.benicassim.es\/va\/benicassim-abre-el-plazo-de-un-mes-para-quienes-quieran-optar-a-ser-representantes-de-las-proximas-fiestas-patronales\/#primaryimage"},"thumbnailUrl":"https:\/\/turismo.benicassim.es\/wp-content\/uploads\/2023\/02\/FOTO_Festers14febrero2023.jpg","keywords":["festeras Benicasim","festeras Benic\u00e0ssim","festeros Benicasim","festeros Benic\u00e0ssim","fiestas Benic\u00e0ssim","representantes fiestas Benicasim"],"articleSection":["Uncategorized @va"],"inLanguage":"ca-CA","potentialAction":[{"@type":"CommentAction","name":"Comment","target":["https:\/\/turismo.benicassim.es\/va\/benicassim-abre-el-plazo-de-un-mes-para-quienes-quieran-optar-a-ser-representantes-de-las-proximas-fiestas-patronales\/#respond"]}]},{"@type":"WebPage","@id":"https:\/\/turismo.benicassim.es\/va\/benicassim-abre-el-plazo-de-un-mes-para-quienes-quieran-optar-a-ser-representantes-de-las-proximas-fiestas-patronales\/","url":"https:\/\/turismo.benicassim.es\/va\/benicassim-abre-el-plazo-de-un-mes-para-quienes-quieran-optar-a-ser-representantes-de-las-proximas-fiestas-patronales\/","name":"Benic\u00e0ssim obri el termini d'un mes per als qui vulguen optar a ser representants de les pr\u00f2ximes Festes Patronals - Benic\u00e0ssim Turismo","isPartOf":{"@id":"https:\/\/turismo.benicassim.es\/va\/#website"},"primaryImageOfPage":{"@id":"https:\/\/turismo.benicassim.es\/va\/benicassim-abre-el-plazo-de-un-mes-para-quienes-quieran-optar-a-ser-representantes-de-las-proximas-fiestas-patronales\/#primaryimage"},"image":{"@id":"https:\/\/turismo.benicassim.es\/va\/benicassim-abre-el-plazo-de-un-mes-para-quienes-quieran-optar-a-ser-representantes-de-las-proximas-fiestas-patronales\/#primaryimage"},"thumbnailUrl":"https:\/\/turismo.benicassim.es\/wp-content\/uploads\/2023\/02\/FOTO_Festers14febrero2023.jpg","datePublished":"2023-02-14T15:13:51+00:00","dateModified":"2023-02-14T15:16:11+00:00","author":{"@id":"https:\/\/turismo.benicassim.es\/va\/#\/schema\/person\/cc80f60d0d1b6d6495dbb482ebb77150"},"breadcrumb":{"@id":"https:\/\/turismo.benicassim.es\/va\/benicassim-abre-el-plazo-de-un-mes-para-quienes-quieran-optar-a-ser-representantes-de-las-proximas-fiestas-patronales\/#breadcrumb"},"inLanguage":"ca-CA","potentialAction":[{"@type":"ReadAction","target":["https:\/\/turismo.benicassim.es\/va\/benicassim-abre-el-plazo-de-un-mes-para-quienes-quieran-optar-a-ser-representantes-de-las-proximas-fiestas-patronales\/"]}]},{"@type":"ImageObject","inLanguage":"ca-CA","@id":"https:\/\/turismo.benicassim.es\/va\/benicassim-abre-el-plazo-de-un-mes-para-quienes-quieran-optar-a-ser-representantes-de-las-proximas-fiestas-patronales\/#primaryimage","url":"https:\/\/turismo.benicassim.es\/wp-content\/uploads\/2023\/02\/FOTO_Festers14febrero2023.jpg","contentUrl":"https:\/\/turismo.benicassim.es\/wp-content\/uploads\/2023\/02\/FOTO_Festers14febrero2023.jpg","width":1600,"height":930,"caption":"Representantes de las fiestas de Benic\u00e0ssim 2022-2023"},{"@type":"BreadcrumbList","@id":"https:\/\/turismo.benicassim.es\/va\/benicassim-abre-el-plazo-de-un-mes-para-quienes-quieran-optar-a-ser-representantes-de-las-proximas-fiestas-patronales\/#breadcrumb","itemListElement":[{"@type":"ListItem","position":1,"name":"Inicio","item":"https:\/\/turismo.benicassim.es\/va\/"},{"@type":"ListItem","position":2,"name":"Benic\u00e0ssim obri el termini d&#8217;un mes per als qui vulguen optar a ser representants de les pr\u00f2ximes Festes Patronals"}]},{"@type":"WebSite","@id":"https:\/\/turismo.benicassim.es\/va\/#website","url":"https:\/\/turismo.benicassim.es\/va\/","name":"Benic\u00e0ssim Turismo","description":"Web de informaci\u00f3n de Turismo en Benicasim","potentialAction":[{"@type":"SearchAction","target":{"@type":"EntryPoint","urlTemplate":"https:\/\/turismo.benicassim.es\/va\/?s={search_term_string}"},"query-input":{"@type":"PropertyValueSpecification","valueRequired":true,"valueName":"search_term_string"}}],"inLanguage":"ca-CA"},{"@type":"Person","@id":"https:\/\/turismo.benicassim.es\/va\/#\/schema\/person\/cc80f60d0d1b6d6495dbb482ebb77150","name":"Benic\u00e0ssim Turismo","image":{"@type":"ImageObject","inLanguage":"ca-CA","@id":"https:\/\/secure.gravatar.com\/avatar\/fb5faeea4214cf3915791705829013307818cf2deb083008adf9a43dd4fa66cc?s=96&d=mm&r=g","url":"https:\/\/secure.gravatar.com\/avatar\/fb5faeea4214cf3915791705829013307818cf2deb083008adf9a43dd4fa66cc?s=96&d=mm&r=g","contentUrl":"https:\/\/secure.gravatar.com\/avatar\/fb5faeea4214cf3915791705829013307818cf2deb083008adf9a43dd4fa66cc?s=96&d=mm&r=g","caption":"Benic\u00e0ssim Turismo"},"url":"https:\/\/turismo.benicassim.es\/va\/author\/turismo\/"}]}},"_links":{"self":[{"href":"https:\/\/turismo.benicassim.es\/va\/wp-json\/wp\/v2\/posts\/69615","targetHints":{"allow":["GET"]}}],"collection":[{"href":"https:\/\/turismo.benicassim.es\/va\/wp-json\/wp\/v2\/posts"}],"about":[{"href":"https:\/\/turismo.benicassim.es\/va\/wp-json\/wp\/v2\/types\/post"}],"author":[{"embeddable":true,"href":"https:\/\/turismo.benicassim.es\/va\/wp-json\/wp\/v2\/users\/4"}],"replies":[{"embeddable":true,"href":"https:\/\/turismo.benicassim.es\/va\/wp-json\/wp\/v2\/comments?post=69615"}],"version-history":[{"count":2,"href":"https:\/\/turismo.benicassim.es\/va\/wp-json\/wp\/v2\/posts\/69615\/revisions"}],"predecessor-version":[{"id":69618,"href":"https:\/\/turismo.benicassim.es\/va\/wp-json\/wp\/v2\/posts\/69615\/revisions\/69618"}],"wp:featuredmedia":[{"embeddable":true,"href":"https:\/\/turismo.benicassim.es\/va\/wp-json\/wp\/v2\/media\/69616"}],"wp:attachment":[{"href":"https:\/\/turismo.benicassim.es\/va\/wp-json\/wp\/v2\/media?parent=69615"}],"wp:term":[{"taxonomy":"category","embeddable":true,"href":"https:\/\/turismo.benicassim.es\/va\/wp-json\/wp\/v2\/categories?post=69615"},{"taxonomy":"post_tag","embeddable":true,"href":"https:\/\/turismo.benicassim.es\/va\/wp-json\/wp\/v2\/tags?post=69615"}],"curies":[{"name":"wp","href":"https:\/\/api.w.org\/{rel}","templated":true}]}}