{"id":70246,"date":"2023-03-28T08:57:29","date_gmt":"2023-03-28T06:57:29","guid":{"rendered":"https:\/\/turismo.benicassim.es\/?p=70246"},"modified":"2023-03-28T08:57:29","modified_gmt":"2023-03-28T06:57:29","slug":"benicassim-conjumina-per-setmana-santa-tradicio-patrimoni-naturalesa-cultura-i-activitats-per-a-tota-la-familia","status":"publish","type":"post","link":"https:\/\/turismo.benicassim.es\/va\/benicassim-conjumina-per-setmana-santa-tradicio-patrimoni-naturalesa-cultura-i-activitats-per-a-tota-la-familia\/","title":{"rendered":"Benic\u00e0ssim conjumina per Setmana Santa tradici\u00f3, patrimoni, naturalesa, cultura i activitats per a tota la familia"},"content":{"rendered":"<p align=\"center\"><span style=\"color: #000000;\"><span style=\"font-size: large;\"><i><b>Una completa i cuidada agenda i per a tots els p\u00fablics permetr\u00e0 gaudir de \u201cmolt m\u00e9s que sol i platja\u201d<\/b><\/i><\/span><\/span><\/p>\n<p style=\"text-align: left;\" align=\"right\"><span style=\"color: #000000;\"><i>Benic\u00e0ssim, 26 de mar\u00e7 de 2023<\/i><\/span><\/p>\n<p><span style=\"color: #000000;\"><span style=\"font-family: Verdana, serif;\"><span style=\"font-size: small;\">Benic\u00e0ssim encara la Setmana Santa amb tots els recursos per a dinamitzar aquests dies de descans que s&#8217;acosten. \u201cA m\u00e9s dels actes tradicionals, els ve\u00efns i visitants trobaran una completa agenda d&#8217;activitats amb una variada oferta d&#8217;oci per a tots els p\u00fablics. Juntament amb unes platges els treballs de posada de les quals a punt portem mesos realitzant, les persones que ens trien saben que trobaran m\u00e9s d&#8217;un centenar d&#8217;activitats que recullen patrimoni, naturalesa, cultura i activitats infantils, a m\u00e9s d&#8217;una oferta gastron\u00f2mica i d&#8217;oci envejable\u201d, ha destacat l&#8217;alcaldessa de Benic\u00e0ssim, Susana Marqu\u00e9s.<\/span><\/span><\/span><\/p>\n<p><span style=\"color: #000000;\"><span style=\"font-family: Verdana, serif;\"><span style=\"font-size: small;\">Una \u00e0mplia agenda religiosa ocupar\u00e0 part de la programaci\u00f3 de Setmana Santa que tamb\u00e9 transcorrer\u00e0 amb les tradicionals processons pels carrers del municipi. El dissabte 1 d&#8217;abril es realitzar\u00e0 el Preg\u00f3 de Setmana Santa seguit pel diumenge de Rams i la tradicional benedicci\u00f3 de les palmes. Benic\u00e0ssim vibrar\u00e0 amb el so de tambors provinents de les Confraries convidades a participar de la Tamborada el divendres Sant a les 22h, la Process\u00f3 i veneraci\u00f3 del Crist Jacent i el diumenge La process\u00f3 de la trobada. Aquests i els altres actes religiosos es poden consultar en les xarxes socials de l&#8217;Ajuntament.<\/span><\/span><\/span><\/p>\n<p><span style=\"color: #000000;\"><span style=\"font-family: Verdana, serif;\"><span style=\"font-size: small;\">Tamb\u00e9 el patrimoni i la naturalesa s\u00f3n uns altres dels al\u00b7licients per a gaudir de Benic\u00e0ssim en les vacances de Setmana Santa. Es pot visitar la Torre Sant Vicent, una de les torres guaites m\u00e9s ben conservades de la Comunitat Valenciana, el Monestir dels Pares Carmelites, el Museu Cellers Carmelitano o el Centre d&#8217;Interpretaci\u00f3 La Bartola. Tamb\u00e9 el Parc Natural del Desert de les Palmes que \u00e9s un dels paratges m\u00e9s grans de la regi\u00f3 amb m\u00e9s de 3.200 hect\u00e0rees des de les quals es pot gaudir d&#8217;unes espl\u00e8ndides vistes del Mediterr\u00e1neo. On tamb\u00e9 es podr\u00e0 gaudir de visites guiades i les reeixides visites teatralitzades per les viles de la Belle \u00c9poque.<\/span><\/span><\/span><\/p>\n<p><span style=\"color: #000000;\"><span style=\"font-family: Verdana, serif;\"><span style=\"font-size: small;\">La cultura \u00e9s a Benic\u00e0ssim el que Benic\u00e0ssim a la cultura, d&#8217;una banda, la m\u00fasica ser\u00e0 present a trav\u00e9s del Recinte de Festivals en el qual es dur\u00e0 a terme el SanSan Festival que inaugura la temporada de grans festivals a l&#8217;aire lliure del panorama espanyol amb un cartell indie, pop i rock de primer nivell. L&#8217;art per la seua part t\u00e9 un gran aparador en Vila Elisa amb l&#8217;exposici\u00f3 d&#8217;homenatge a l&#8217;art pop a trav\u00e9s de la visi\u00f3 dels artistes Andy Warhol, Takashi Murakami i Banksy. Tamb\u00e9 es podr\u00e0 gaudir de la primera exposici\u00f3 del Dia de les Paelles a la Sala Escena que permetr\u00e0 veure de prop el que \u00e9s aqueix dia per a Benic\u00e0ssim sense haver estat I l&#8217;exposici\u00f3 de Vicente Tirado sota el t\u00edtol Inverted Landscape en el Melchor Zapata.<\/span><\/span><\/span><\/p>\n<p><span style=\"color: #000000;\"><span style=\"font-family: Verdana, serif;\"><span style=\"font-size: small;\">Dins de la cultura tamb\u00e9 el cinema i el teatre tenen cabuda en l&#8217;agenda que aposta de nou per les versions originals i pel cinema d&#8217;animaci\u00f3 amb prop de 20 projeccions al llarg de tot el mes d&#8217;abril, tancant-se aquest mes primaveral amb l&#8217;obra de teatre per a adults, Barbados de Kamikaze produccions el 23 d&#8217;abril, i el diumenge 30 d&#8217;abril el teatre infantil 4 X 4 Ephimeral Architectures de Gandini Juggling.<\/span><\/span><\/span><\/p>\n<p><span style=\"color: #000000;\"><span style=\"font-family: Verdana, serif;\"><span style=\"font-size: small;\">Benic\u00e0ssim a m\u00e9s \u00e9s fam\u00edlia i per aix\u00f2 compta amb activitats per als m\u00e9s xicotets de la casa, concretament el Parc del Trenet compta amb un recorregut ferroviari en miniatura en una extensi\u00f3 de m\u00e9s d&#8217;11 mil metres quadrats de jard\u00ed i que est\u00e0 obert tots els matins d&#8217;11 a 13 hores en el pont de Pasqua i que l&#8217;activitat dirigida de \u201cEl Misteri del Trenet\u201d en diverses sessions el divendres a la vesprada. El dijous Sant hi ha dues sessions de \u201cEl Tresor de la Torre Sant Vicent\u201d recomanada per a xiquets d&#8217;entre 5 i 10 anys, el divendres al mat\u00ed \u201cContes amb propostes Sensorials a la Biblioteca de la Mar de l&#8217;Heli\u00f2polis per a xiquets d&#8217;1 a 5 anys. Finalment, es projectar\u00e0 cinema d&#8217;animaci\u00f3 infantil durant tot el pont a les 18.30 hores amb la pel\u00b7l\u00edcula \u201cOink oink\u201d.<\/span><\/span><\/span><\/p>\n<p><img loading=\"lazy\" decoding=\"async\" class=\"alignnone size-medium wp-image-70247\" src=\"https:\/\/turismo.benicassim.es\/wp-content\/uploads\/2023\/03\/RAMOS-300x200.jpg\" alt=\"\" width=\"300\" height=\"200\" srcset=\"https:\/\/turismo.benicassim.es\/wp-content\/uploads\/2023\/03\/RAMOS-300x200.jpg 300w, https:\/\/turismo.benicassim.es\/wp-content\/uploads\/2023\/03\/RAMOS-1024x682.jpg 1024w, https:\/\/turismo.benicassim.es\/wp-content\/uploads\/2023\/03\/RAMOS-768x511.jpg 768w, https:\/\/turismo.benicassim.es\/wp-content\/uploads\/2023\/03\/RAMOS-1536x1023.jpg 1536w, https:\/\/turismo.benicassim.es\/wp-content\/uploads\/2023\/03\/RAMOS-2048x1364.jpg 2048w, https:\/\/turismo.benicassim.es\/wp-content\/uploads\/2023\/03\/RAMOS-600x399.jpg 600w\" sizes=\"auto, (max-width: 300px) 100vw, 300px\" \/><\/p>\n","protected":false},"excerpt":{"rendered":"<p>Una completa i cuidada agenda i per a tots els p\u00fablics permetr\u00e0 gaudir de \u201cmolt m\u00e9s que sol i platja\u201d Benic\u00e0ssim, 26 de mar\u00e7 de 2023 Benic\u00e0ssim encara la Setmana Santa amb tots els recursos per a dinamitzar aquests dies de descans que s&#8217;acosten. \u201cA m\u00e9s dels actes tradicionals, els ve\u00efns i visitants trobaran una [&hellip;]<\/p>\n","protected":false},"author":4,"featured_media":70247,"comment_status":"closed","ping_status":"open","sticky":false,"template":"","format":"standard","meta":{"_acf_changed":false,"footnotes":""},"categories":[117],"tags":[],"class_list":["post-70246","post","type-post","status-publish","format-standard","has-post-thumbnail","hentry","category-uncategorized-va"],"acf":[],"yoast_head":"<!-- This site is optimized with the Yoast SEO plugin v27.4 - https:\/\/yoast.com\/product\/yoast-seo-wordpress\/ -->\n<title>Benic\u00e0ssim conjumina per Setmana Santa tradici\u00f3, patrimoni, naturalesa, cultura i activitats per a tota la familia - Benic\u00e0ssim Turismo<\/title>\n<meta name=\"robots\" content=\"index, follow, max-snippet:-1, max-image-preview:large, max-video-preview:-1\" \/>\n<link rel=\"canonical\" href=\"https:\/\/turismo.benicassim.es\/va\/benicassim-conjumina-per-setmana-santa-tradicio-patrimoni-naturalesa-cultura-i-activitats-per-a-tota-la-familia\/\" \/>\n<meta property=\"og:locale\" content=\"en_US\" \/>\n<meta property=\"og:type\" content=\"article\" \/>\n<meta property=\"og:title\" content=\"Benic\u00e0ssim conjumina per Setmana Santa tradici\u00f3, patrimoni, naturalesa, cultura i activitats per a tota la familia - Benic\u00e0ssim Turismo\" \/>\n<meta property=\"og:description\" content=\"Una completa i cuidada agenda i per a tots els p\u00fablics permetr\u00e0 gaudir de \u201cmolt m\u00e9s que sol i platja\u201d Benic\u00e0ssim, 26 de mar\u00e7 de 2023 Benic\u00e0ssim encara la Setmana Santa amb tots els recursos per a dinamitzar aquests dies de descans que s&#8217;acosten. \u201cA m\u00e9s dels actes tradicionals, els ve\u00efns i visitants trobaran una [&hellip;]\" \/>\n<meta property=\"og:url\" content=\"https:\/\/turismo.benicassim.es\/va\/benicassim-conjumina-per-setmana-santa-tradicio-patrimoni-naturalesa-cultura-i-activitats-per-a-tota-la-familia\/\" \/>\n<meta property=\"og:site_name\" content=\"Benic\u00e0ssim Turismo\" \/>\n<meta property=\"article:published_time\" content=\"2023-03-28T06:57:29+00:00\" \/>\n<meta property=\"og:image\" content=\"https:\/\/turismo.benicassim.es\/wp-content\/uploads\/2023\/03\/RAMOS-scaled.jpg\" \/>\n\t<meta property=\"og:image:width\" content=\"2560\" \/>\n\t<meta property=\"og:image:height\" content=\"1704\" \/>\n\t<meta property=\"og:image:type\" content=\"image\/jpeg\" \/>\n<meta name=\"author\" content=\"Benic\u00e0ssim Turismo\" \/>\n<meta name=\"twitter:card\" content=\"summary_large_image\" \/>\n<meta name=\"twitter:label1\" content=\"Written by\" \/>\n\t<meta name=\"twitter:data1\" content=\"Benic\u00e0ssim Turismo\" \/>\n\t<meta name=\"twitter:label2\" content=\"Est. reading time\" \/>\n\t<meta name=\"twitter:data2\" content=\"4 minutes\" \/>\n<script type=\"application\/ld+json\" class=\"yoast-schema-graph\">{\"@context\":\"https:\\\/\\\/schema.org\",\"@graph\":[{\"@type\":\"Article\",\"@id\":\"https:\\\/\\\/turismo.benicassim.es\\\/va\\\/benicassim-conjumina-per-setmana-santa-tradicio-patrimoni-naturalesa-cultura-i-activitats-per-a-tota-la-familia\\\/#article\",\"isPartOf\":{\"@id\":\"https:\\\/\\\/turismo.benicassim.es\\\/va\\\/benicassim-conjumina-per-setmana-santa-tradicio-patrimoni-naturalesa-cultura-i-activitats-per-a-tota-la-familia\\\/\"},\"author\":{\"name\":\"Benic\u00e0ssim Turismo\",\"@id\":\"https:\\\/\\\/turismo.benicassim.es\\\/va\\\/#\\\/schema\\\/person\\\/cc80f60d0d1b6d6495dbb482ebb77150\"},\"headline\":\"Benic\u00e0ssim conjumina per Setmana Santa tradici\u00f3, patrimoni, naturalesa, cultura i activitats per a tota la familia\",\"datePublished\":\"2023-03-28T06:57:29+00:00\",\"mainEntityOfPage\":{\"@id\":\"https:\\\/\\\/turismo.benicassim.es\\\/va\\\/benicassim-conjumina-per-setmana-santa-tradicio-patrimoni-naturalesa-cultura-i-activitats-per-a-tota-la-familia\\\/\"},\"wordCount\":716,\"image\":{\"@id\":\"https:\\\/\\\/turismo.benicassim.es\\\/va\\\/benicassim-conjumina-per-setmana-santa-tradicio-patrimoni-naturalesa-cultura-i-activitats-per-a-tota-la-familia\\\/#primaryimage\"},\"thumbnailUrl\":\"https:\\\/\\\/turismo.benicassim.es\\\/wp-content\\\/uploads\\\/2023\\\/03\\\/RAMOS-scaled.jpg\",\"articleSection\":[\"Uncategorized @va\"],\"inLanguage\":\"ca-CA\"},{\"@type\":\"WebPage\",\"@id\":\"https:\\\/\\\/turismo.benicassim.es\\\/va\\\/benicassim-conjumina-per-setmana-santa-tradicio-patrimoni-naturalesa-cultura-i-activitats-per-a-tota-la-familia\\\/\",\"url\":\"https:\\\/\\\/turismo.benicassim.es\\\/va\\\/benicassim-conjumina-per-setmana-santa-tradicio-patrimoni-naturalesa-cultura-i-activitats-per-a-tota-la-familia\\\/\",\"name\":\"Benic\u00e0ssim conjumina per Setmana Santa tradici\u00f3, patrimoni, naturalesa, cultura i activitats per a tota la familia - Benic\u00e0ssim Turismo\",\"isPartOf\":{\"@id\":\"https:\\\/\\\/turismo.benicassim.es\\\/va\\\/#website\"},\"primaryImageOfPage\":{\"@id\":\"https:\\\/\\\/turismo.benicassim.es\\\/va\\\/benicassim-conjumina-per-setmana-santa-tradicio-patrimoni-naturalesa-cultura-i-activitats-per-a-tota-la-familia\\\/#primaryimage\"},\"image\":{\"@id\":\"https:\\\/\\\/turismo.benicassim.es\\\/va\\\/benicassim-conjumina-per-setmana-santa-tradicio-patrimoni-naturalesa-cultura-i-activitats-per-a-tota-la-familia\\\/#primaryimage\"},\"thumbnailUrl\":\"https:\\\/\\\/turismo.benicassim.es\\\/wp-content\\\/uploads\\\/2023\\\/03\\\/RAMOS-scaled.jpg\",\"datePublished\":\"2023-03-28T06:57:29+00:00\",\"author\":{\"@id\":\"https:\\\/\\\/turismo.benicassim.es\\\/va\\\/#\\\/schema\\\/person\\\/cc80f60d0d1b6d6495dbb482ebb77150\"},\"breadcrumb\":{\"@id\":\"https:\\\/\\\/turismo.benicassim.es\\\/va\\\/benicassim-conjumina-per-setmana-santa-tradicio-patrimoni-naturalesa-cultura-i-activitats-per-a-tota-la-familia\\\/#breadcrumb\"},\"inLanguage\":\"ca-CA\",\"potentialAction\":[{\"@type\":\"ReadAction\",\"target\":[\"https:\\\/\\\/turismo.benicassim.es\\\/va\\\/benicassim-conjumina-per-setmana-santa-tradicio-patrimoni-naturalesa-cultura-i-activitats-per-a-tota-la-familia\\\/\"]}]},{\"@type\":\"ImageObject\",\"inLanguage\":\"ca-CA\",\"@id\":\"https:\\\/\\\/turismo.benicassim.es\\\/va\\\/benicassim-conjumina-per-setmana-santa-tradicio-patrimoni-naturalesa-cultura-i-activitats-per-a-tota-la-familia\\\/#primaryimage\",\"url\":\"https:\\\/\\\/turismo.benicassim.es\\\/wp-content\\\/uploads\\\/2023\\\/03\\\/RAMOS-scaled.jpg\",\"contentUrl\":\"https:\\\/\\\/turismo.benicassim.es\\\/wp-content\\\/uploads\\\/2023\\\/03\\\/RAMOS-scaled.jpg\",\"width\":2560,\"height\":1704},{\"@type\":\"BreadcrumbList\",\"@id\":\"https:\\\/\\\/turismo.benicassim.es\\\/va\\\/benicassim-conjumina-per-setmana-santa-tradicio-patrimoni-naturalesa-cultura-i-activitats-per-a-tota-la-familia\\\/#breadcrumb\",\"itemListElement\":[{\"@type\":\"ListItem\",\"position\":1,\"name\":\"Inicio\",\"item\":\"https:\\\/\\\/turismo.benicassim.es\\\/va\\\/\"},{\"@type\":\"ListItem\",\"position\":2,\"name\":\"Benic\u00e0ssim conjumina per Setmana Santa tradici\u00f3, patrimoni, naturalesa, cultura i activitats per a tota la familia\"}]},{\"@type\":\"WebSite\",\"@id\":\"https:\\\/\\\/turismo.benicassim.es\\\/va\\\/#website\",\"url\":\"https:\\\/\\\/turismo.benicassim.es\\\/va\\\/\",\"name\":\"Benic\u00e0ssim Turismo\",\"description\":\"Web de informaci\u00f3n de Turismo en Benicasim\",\"potentialAction\":[{\"@type\":\"SearchAction\",\"target\":{\"@type\":\"EntryPoint\",\"urlTemplate\":\"https:\\\/\\\/turismo.benicassim.es\\\/va\\\/?s={search_term_string}\"},\"query-input\":{\"@type\":\"PropertyValueSpecification\",\"valueRequired\":true,\"valueName\":\"search_term_string\"}}],\"inLanguage\":\"ca-CA\"},{\"@type\":\"Person\",\"@id\":\"https:\\\/\\\/turismo.benicassim.es\\\/va\\\/#\\\/schema\\\/person\\\/cc80f60d0d1b6d6495dbb482ebb77150\",\"name\":\"Benic\u00e0ssim Turismo\",\"image\":{\"@type\":\"ImageObject\",\"inLanguage\":\"ca-CA\",\"@id\":\"https:\\\/\\\/secure.gravatar.com\\\/avatar\\\/fb5faeea4214cf3915791705829013307818cf2deb083008adf9a43dd4fa66cc?s=96&d=mm&r=g\",\"url\":\"https:\\\/\\\/secure.gravatar.com\\\/avatar\\\/fb5faeea4214cf3915791705829013307818cf2deb083008adf9a43dd4fa66cc?s=96&d=mm&r=g\",\"contentUrl\":\"https:\\\/\\\/secure.gravatar.com\\\/avatar\\\/fb5faeea4214cf3915791705829013307818cf2deb083008adf9a43dd4fa66cc?s=96&d=mm&r=g\",\"caption\":\"Benic\u00e0ssim Turismo\"},\"url\":\"https:\\\/\\\/turismo.benicassim.es\\\/va\\\/author\\\/turismo\\\/\"}]}<\/script>\n<!-- \/ Yoast SEO plugin. -->","yoast_head_json":{"title":"Benic\u00e0ssim conjumina per Setmana Santa tradici\u00f3, patrimoni, naturalesa, cultura i activitats per a tota la familia - Benic\u00e0ssim Turismo","robots":{"index":"index","follow":"follow","max-snippet":"max-snippet:-1","max-image-preview":"max-image-preview:large","max-video-preview":"max-video-preview:-1"},"canonical":"https:\/\/turismo.benicassim.es\/va\/benicassim-conjumina-per-setmana-santa-tradicio-patrimoni-naturalesa-cultura-i-activitats-per-a-tota-la-familia\/","og_locale":"en_US","og_type":"article","og_title":"Benic\u00e0ssim conjumina per Setmana Santa tradici\u00f3, patrimoni, naturalesa, cultura i activitats per a tota la familia - Benic\u00e0ssim Turismo","og_description":"Una completa i cuidada agenda i per a tots els p\u00fablics permetr\u00e0 gaudir de \u201cmolt m\u00e9s que sol i platja\u201d Benic\u00e0ssim, 26 de mar\u00e7 de 2023 Benic\u00e0ssim encara la Setmana Santa amb tots els recursos per a dinamitzar aquests dies de descans que s&#8217;acosten. \u201cA m\u00e9s dels actes tradicionals, els ve\u00efns i visitants trobaran una [&hellip;]","og_url":"https:\/\/turismo.benicassim.es\/va\/benicassim-conjumina-per-setmana-santa-tradicio-patrimoni-naturalesa-cultura-i-activitats-per-a-tota-la-familia\/","og_site_name":"Benic\u00e0ssim Turismo","article_published_time":"2023-03-28T06:57:29+00:00","og_image":[{"width":2560,"height":1704,"url":"https:\/\/turismo.benicassim.es\/wp-content\/uploads\/2023\/03\/RAMOS-scaled.jpg","type":"image\/jpeg"}],"author":"Benic\u00e0ssim Turismo","twitter_card":"summary_large_image","twitter_misc":{"Written by":"Benic\u00e0ssim Turismo","Est. reading time":"4 minutes"},"schema":{"@context":"https:\/\/schema.org","@graph":[{"@type":"Article","@id":"https:\/\/turismo.benicassim.es\/va\/benicassim-conjumina-per-setmana-santa-tradicio-patrimoni-naturalesa-cultura-i-activitats-per-a-tota-la-familia\/#article","isPartOf":{"@id":"https:\/\/turismo.benicassim.es\/va\/benicassim-conjumina-per-setmana-santa-tradicio-patrimoni-naturalesa-cultura-i-activitats-per-a-tota-la-familia\/"},"author":{"name":"Benic\u00e0ssim Turismo","@id":"https:\/\/turismo.benicassim.es\/va\/#\/schema\/person\/cc80f60d0d1b6d6495dbb482ebb77150"},"headline":"Benic\u00e0ssim conjumina per Setmana Santa tradici\u00f3, patrimoni, naturalesa, cultura i activitats per a tota la familia","datePublished":"2023-03-28T06:57:29+00:00","mainEntityOfPage":{"@id":"https:\/\/turismo.benicassim.es\/va\/benicassim-conjumina-per-setmana-santa-tradicio-patrimoni-naturalesa-cultura-i-activitats-per-a-tota-la-familia\/"},"wordCount":716,"image":{"@id":"https:\/\/turismo.benicassim.es\/va\/benicassim-conjumina-per-setmana-santa-tradicio-patrimoni-naturalesa-cultura-i-activitats-per-a-tota-la-familia\/#primaryimage"},"thumbnailUrl":"https:\/\/turismo.benicassim.es\/wp-content\/uploads\/2023\/03\/RAMOS-scaled.jpg","articleSection":["Uncategorized @va"],"inLanguage":"ca-CA"},{"@type":"WebPage","@id":"https:\/\/turismo.benicassim.es\/va\/benicassim-conjumina-per-setmana-santa-tradicio-patrimoni-naturalesa-cultura-i-activitats-per-a-tota-la-familia\/","url":"https:\/\/turismo.benicassim.es\/va\/benicassim-conjumina-per-setmana-santa-tradicio-patrimoni-naturalesa-cultura-i-activitats-per-a-tota-la-familia\/","name":"Benic\u00e0ssim conjumina per Setmana Santa tradici\u00f3, patrimoni, naturalesa, cultura i activitats per a tota la familia - Benic\u00e0ssim Turismo","isPartOf":{"@id":"https:\/\/turismo.benicassim.es\/va\/#website"},"primaryImageOfPage":{"@id":"https:\/\/turismo.benicassim.es\/va\/benicassim-conjumina-per-setmana-santa-tradicio-patrimoni-naturalesa-cultura-i-activitats-per-a-tota-la-familia\/#primaryimage"},"image":{"@id":"https:\/\/turismo.benicassim.es\/va\/benicassim-conjumina-per-setmana-santa-tradicio-patrimoni-naturalesa-cultura-i-activitats-per-a-tota-la-familia\/#primaryimage"},"thumbnailUrl":"https:\/\/turismo.benicassim.es\/wp-content\/uploads\/2023\/03\/RAMOS-scaled.jpg","datePublished":"2023-03-28T06:57:29+00:00","author":{"@id":"https:\/\/turismo.benicassim.es\/va\/#\/schema\/person\/cc80f60d0d1b6d6495dbb482ebb77150"},"breadcrumb":{"@id":"https:\/\/turismo.benicassim.es\/va\/benicassim-conjumina-per-setmana-santa-tradicio-patrimoni-naturalesa-cultura-i-activitats-per-a-tota-la-familia\/#breadcrumb"},"inLanguage":"ca-CA","potentialAction":[{"@type":"ReadAction","target":["https:\/\/turismo.benicassim.es\/va\/benicassim-conjumina-per-setmana-santa-tradicio-patrimoni-naturalesa-cultura-i-activitats-per-a-tota-la-familia\/"]}]},{"@type":"ImageObject","inLanguage":"ca-CA","@id":"https:\/\/turismo.benicassim.es\/va\/benicassim-conjumina-per-setmana-santa-tradicio-patrimoni-naturalesa-cultura-i-activitats-per-a-tota-la-familia\/#primaryimage","url":"https:\/\/turismo.benicassim.es\/wp-content\/uploads\/2023\/03\/RAMOS-scaled.jpg","contentUrl":"https:\/\/turismo.benicassim.es\/wp-content\/uploads\/2023\/03\/RAMOS-scaled.jpg","width":2560,"height":1704},{"@type":"BreadcrumbList","@id":"https:\/\/turismo.benicassim.es\/va\/benicassim-conjumina-per-setmana-santa-tradicio-patrimoni-naturalesa-cultura-i-activitats-per-a-tota-la-familia\/#breadcrumb","itemListElement":[{"@type":"ListItem","position":1,"name":"Inicio","item":"https:\/\/turismo.benicassim.es\/va\/"},{"@type":"ListItem","position":2,"name":"Benic\u00e0ssim conjumina per Setmana Santa tradici\u00f3, patrimoni, naturalesa, cultura i activitats per a tota la familia"}]},{"@type":"WebSite","@id":"https:\/\/turismo.benicassim.es\/va\/#website","url":"https:\/\/turismo.benicassim.es\/va\/","name":"Benic\u00e0ssim Turismo","description":"Web de informaci\u00f3n de Turismo en Benicasim","potentialAction":[{"@type":"SearchAction","target":{"@type":"EntryPoint","urlTemplate":"https:\/\/turismo.benicassim.es\/va\/?s={search_term_string}"},"query-input":{"@type":"PropertyValueSpecification","valueRequired":true,"valueName":"search_term_string"}}],"inLanguage":"ca-CA"},{"@type":"Person","@id":"https:\/\/turismo.benicassim.es\/va\/#\/schema\/person\/cc80f60d0d1b6d6495dbb482ebb77150","name":"Benic\u00e0ssim Turismo","image":{"@type":"ImageObject","inLanguage":"ca-CA","@id":"https:\/\/secure.gravatar.com\/avatar\/fb5faeea4214cf3915791705829013307818cf2deb083008adf9a43dd4fa66cc?s=96&d=mm&r=g","url":"https:\/\/secure.gravatar.com\/avatar\/fb5faeea4214cf3915791705829013307818cf2deb083008adf9a43dd4fa66cc?s=96&d=mm&r=g","contentUrl":"https:\/\/secure.gravatar.com\/avatar\/fb5faeea4214cf3915791705829013307818cf2deb083008adf9a43dd4fa66cc?s=96&d=mm&r=g","caption":"Benic\u00e0ssim Turismo"},"url":"https:\/\/turismo.benicassim.es\/va\/author\/turismo\/"}]}},"_links":{"self":[{"href":"https:\/\/turismo.benicassim.es\/va\/wp-json\/wp\/v2\/posts\/70246","targetHints":{"allow":["GET"]}}],"collection":[{"href":"https:\/\/turismo.benicassim.es\/va\/wp-json\/wp\/v2\/posts"}],"about":[{"href":"https:\/\/turismo.benicassim.es\/va\/wp-json\/wp\/v2\/types\/post"}],"author":[{"embeddable":true,"href":"https:\/\/turismo.benicassim.es\/va\/wp-json\/wp\/v2\/users\/4"}],"replies":[{"embeddable":true,"href":"https:\/\/turismo.benicassim.es\/va\/wp-json\/wp\/v2\/comments?post=70246"}],"version-history":[{"count":1,"href":"https:\/\/turismo.benicassim.es\/va\/wp-json\/wp\/v2\/posts\/70246\/revisions"}],"predecessor-version":[{"id":70248,"href":"https:\/\/turismo.benicassim.es\/va\/wp-json\/wp\/v2\/posts\/70246\/revisions\/70248"}],"wp:featuredmedia":[{"embeddable":true,"href":"https:\/\/turismo.benicassim.es\/va\/wp-json\/wp\/v2\/media\/70247"}],"wp:attachment":[{"href":"https:\/\/turismo.benicassim.es\/va\/wp-json\/wp\/v2\/media?parent=70246"}],"wp:term":[{"taxonomy":"category","embeddable":true,"href":"https:\/\/turismo.benicassim.es\/va\/wp-json\/wp\/v2\/categories?post=70246"},{"taxonomy":"post_tag","embeddable":true,"href":"https:\/\/turismo.benicassim.es\/va\/wp-json\/wp\/v2\/tags?post=70246"}],"curies":[{"name":"wp","href":"https:\/\/api.w.org\/{rel}","templated":true}]}}