{"id":76405,"date":"2024-06-19T08:23:21","date_gmt":"2024-06-19T06:23:21","guid":{"rendered":"https:\/\/turismo.benicassim.es\/?p=76405"},"modified":"2024-06-19T08:27:10","modified_gmt":"2024-06-19T06:27:10","slug":"benicassim-es-prepara-per-a-celebrar-la-nit-de-sant-joan-amb-una-programacio-festiva-amb-el-foc-laigua-i-la-tradicio-com-a-protagonistes","status":"publish","type":"post","link":"https:\/\/turismo.benicassim.es\/va\/benicassim-es-prepara-per-a-celebrar-la-nit-de-sant-joan-amb-una-programacio-festiva-amb-el-foc-laigua-i-la-tradicio-com-a-protagonistes\/","title":{"rendered":"Benic\u00e0ssim es prepara per a celebrar la nit de Sant Joan amb una programaci\u00f3 festiva amb el foc, l&#8217;aigua i la tradici\u00f3 com a protagonistes"},"content":{"rendered":"<ul>\n<li><strong>El consistori ha impulsat l&#8217;ampliant el servici d&#8217;autobusos facilitant l&#8217;acc\u00e9s durant la celebraci\u00f3 per a millorar mobilitat, la seguretat i la comoditat en els despla\u00e7aments dels ve\u00efns.<\/strong><\/li>\n<\/ul>\n<p style=\"text-align: right;\">Benic\u00e0ssim, 18 de juny de 2024<\/p>\n<ul>\n<li>La localitat de Benic\u00e0ssim es prepara per a viure la nit m\u00e9s curta de l&#8217;any amb una programaci\u00f3 especial per a la celebraci\u00f3 de la Nit de Sant Joan 2024. Enguany, s&#8217;han organitzat una s\u00e8rie d&#8217;activitats musicals i festives en diverses platges del municipi per a assegurar que tots els residents i visitants puguen gaudir d&#8217;esta nit m\u00e0gica.<\/li>\n<\/ul>\n<p>&nbsp;<\/p>\n<ul>\n<li>Les platges de la localitat es condicionaran per a albergar espectacles durant la festivitat, a la platja Almadrava, de 22.00 hores a 01.00 hores, es podr\u00e0 gaudir de l&#8217;actuaci\u00f3 del Trio Tr\u00e9vol, situat enfront de Vil\u00b7la Ana.<\/li>\n<\/ul>\n<p>&nbsp;<\/p>\n<ul>\n<li>La platja Heli\u00f2polis comptar\u00e0 amb dos empla\u00e7aments, el primer d&#8217;ells just al restaurant Belumar, on es podr\u00e0 gaudir de 22.00 a 01.00 de l&#8217;actuaci\u00f3 del Trio Tab\u00fa. El segon empla\u00e7ament se situa enfront dels apartaments \u201cPlatja Sol\u201d, all\u00ed es podr\u00e0 gaudir d&#8217;una discom\u00f3vil de 22.00 a 01.00.<\/li>\n<\/ul>\n<p>&nbsp;<\/p>\n<ul>\n<li>Finalment, a la platja Torre Sant Vicent, s&#8217;iniciar\u00e0 a les 22.00 una cercavila de dol\u00e7ainers i tabaleters pel carrer Les Creus fins a l&#8217;Amfiteatre Pepe Falomir, a les 22.30 hores, donar\u00e0 principi a l&#8217;actuaci\u00f3 del Grup de Dansa &#8220;El Cremaller&#8221; acompanyat del repartiment de Coca de Sant Joan i a les 00.00 hores es llan\u00e7ar\u00e0 un castell de focs artificials.<\/li>\n<\/ul>\n<p>&nbsp;<\/p>\n<ul>\n<li>Per a poder gaudir d&#8217;una de les nits m\u00e9s especials de l&#8217;any, des de l&#8217;Ajuntament s&#8217;ha volgut refor\u00e7ar la mobilitat, la seguretat i la comoditat en els despla\u00e7aments dels ve\u00efns, per la qual cosa s&#8217;ha ampliat el servici d&#8217;autobusos facilitant aix\u00ed l&#8217;acc\u00e9s i la mobilitat durant la celebraci\u00f3.<\/li>\n<\/ul>\n<p>&nbsp;<\/p>\n<ul>\n<li>Per a aix\u00f2, es duran a terme eixides des de Castell\u00f3 a partir de la 1.00 fins a les 5.00 cada 30 minuts i eixides des de Benic\u00e0ssim a partir de la 1.45 fins a les 6.15 cada 30 minuts. El recorregut ser\u00e0 el mateix que el del Benic\u00e0ssim Viles, exceptuant les parades 23, 24 i 24A en el recorregut d&#8217;anada i les parades 24 i 24A en el recorregut de tornada.<\/li>\n<\/ul>\n<p><img loading=\"lazy\" decoding=\"async\" class=\"alignnone size-medium wp-image-76140\" src=\"https:\/\/turismo.benicassim.es\/wp-content\/uploads\/2024\/06\/cartel-Noche-san-juan-23-junio-240x300.jpeg\" alt=\"\" width=\"240\" height=\"300\" srcset=\"https:\/\/turismo.benicassim.es\/wp-content\/uploads\/2024\/06\/cartel-Noche-san-juan-23-junio-240x300.jpeg 240w, https:\/\/turismo.benicassim.es\/wp-content\/uploads\/2024\/06\/cartel-Noche-san-juan-23-junio-819x1024.jpeg 819w, https:\/\/turismo.benicassim.es\/wp-content\/uploads\/2024\/06\/cartel-Noche-san-juan-23-junio-768x960.jpeg 768w, https:\/\/turismo.benicassim.es\/wp-content\/uploads\/2024\/06\/cartel-Noche-san-juan-23-junio-600x750.jpeg 600w, https:\/\/turismo.benicassim.es\/wp-content\/uploads\/2024\/06\/cartel-Noche-san-juan-23-junio.jpeg 1080w\" sizes=\"auto, (max-width: 240px) 100vw, 240px\" \/><\/p>\n","protected":false},"excerpt":{"rendered":"<p>El consistori ha impulsat l&#8217;ampliant el servici d&#8217;autobusos facilitant l&#8217;acc\u00e9s durant la celebraci\u00f3 per a millorar mobilitat, la seguretat i la comoditat en els despla\u00e7aments dels ve\u00efns. Benic\u00e0ssim, 18 de juny de 2024 La localitat de Benic\u00e0ssim es prepara per a viure la nit m\u00e9s curta de l&#8217;any amb una programaci\u00f3 especial per a la [&hellip;]<\/p>\n","protected":false},"author":7,"featured_media":76140,"comment_status":"closed","ping_status":"open","sticky":false,"template":"","format":"standard","meta":{"_acf_changed":false,"footnotes":""},"categories":[117],"tags":[],"class_list":["post-76405","post","type-post","status-publish","format-standard","has-post-thumbnail","hentry","category-uncategorized-va"],"acf":[],"yoast_head":"<!-- This site is optimized with the Yoast SEO plugin v27.4 - https:\/\/yoast.com\/product\/yoast-seo-wordpress\/ -->\n<title>Benic\u00e0ssim es prepara per a celebrar la nit de Sant Joan amb una programaci\u00f3 festiva amb el foc, l&#039;aigua i la tradici\u00f3 com a protagonistes - Benic\u00e0ssim Turismo<\/title>\n<meta name=\"robots\" content=\"index, follow, max-snippet:-1, max-image-preview:large, max-video-preview:-1\" \/>\n<link rel=\"canonical\" href=\"https:\/\/turismo.benicassim.es\/va\/benicassim-es-prepara-per-a-celebrar-la-nit-de-sant-joan-amb-una-programacio-festiva-amb-el-foc-laigua-i-la-tradicio-com-a-protagonistes\/\" \/>\n<meta property=\"og:locale\" content=\"en_US\" \/>\n<meta property=\"og:type\" content=\"article\" \/>\n<meta property=\"og:title\" content=\"Benic\u00e0ssim es prepara per a celebrar la nit de Sant Joan amb una programaci\u00f3 festiva amb el foc, l&#039;aigua i la tradici\u00f3 com a protagonistes - Benic\u00e0ssim Turismo\" \/>\n<meta property=\"og:description\" content=\"El consistori ha impulsat l&#8217;ampliant el servici d&#8217;autobusos facilitant l&#8217;acc\u00e9s durant la celebraci\u00f3 per a millorar mobilitat, la seguretat i la comoditat en els despla\u00e7aments dels ve\u00efns. Benic\u00e0ssim, 18 de juny de 2024 La localitat de Benic\u00e0ssim es prepara per a viure la nit m\u00e9s curta de l&#8217;any amb una programaci\u00f3 especial per a la [&hellip;]\" \/>\n<meta property=\"og:url\" content=\"https:\/\/turismo.benicassim.es\/va\/benicassim-es-prepara-per-a-celebrar-la-nit-de-sant-joan-amb-una-programacio-festiva-amb-el-foc-laigua-i-la-tradicio-com-a-protagonistes\/\" \/>\n<meta property=\"og:site_name\" content=\"Benic\u00e0ssim Turismo\" \/>\n<meta property=\"article:published_time\" content=\"2024-06-19T06:23:21+00:00\" \/>\n<meta property=\"article:modified_time\" content=\"2024-06-19T06:27:10+00:00\" \/>\n<meta property=\"og:image\" content=\"https:\/\/turismo.benicassim.es\/wp-content\/uploads\/2024\/06\/cartel-Noche-san-juan-23-junio.jpeg\" \/>\n\t<meta property=\"og:image:width\" content=\"1080\" \/>\n\t<meta property=\"og:image:height\" content=\"1350\" \/>\n\t<meta property=\"og:image:type\" content=\"image\/jpeg\" \/>\n<meta name=\"author\" content=\"Soco Remon\" \/>\n<meta name=\"twitter:card\" content=\"summary_large_image\" \/>\n<meta name=\"twitter:label1\" content=\"Written by\" \/>\n\t<meta name=\"twitter:data1\" content=\"Soco Remon\" \/>\n\t<meta name=\"twitter:label2\" content=\"Est. reading time\" \/>\n\t<meta name=\"twitter:data2\" content=\"3 minutes\" \/>\n<script type=\"application\/ld+json\" class=\"yoast-schema-graph\">{\"@context\":\"https:\\\/\\\/schema.org\",\"@graph\":[{\"@type\":\"Article\",\"@id\":\"https:\\\/\\\/turismo.benicassim.es\\\/va\\\/benicassim-es-prepara-per-a-celebrar-la-nit-de-sant-joan-amb-una-programacio-festiva-amb-el-foc-laigua-i-la-tradicio-com-a-protagonistes\\\/#article\",\"isPartOf\":{\"@id\":\"https:\\\/\\\/turismo.benicassim.es\\\/va\\\/benicassim-es-prepara-per-a-celebrar-la-nit-de-sant-joan-amb-una-programacio-festiva-amb-el-foc-laigua-i-la-tradicio-com-a-protagonistes\\\/\"},\"author\":{\"name\":\"Soco Remon\",\"@id\":\"https:\\\/\\\/turismo.benicassim.es\\\/va\\\/#\\\/schema\\\/person\\\/ceee501537d8199545bc256db59f4382\"},\"headline\":\"Benic\u00e0ssim es prepara per a celebrar la nit de Sant Joan amb una programaci\u00f3 festiva amb el foc, l&#8217;aigua i la tradici\u00f3 com a protagonistes\",\"datePublished\":\"2024-06-19T06:23:21+00:00\",\"dateModified\":\"2024-06-19T06:27:10+00:00\",\"mainEntityOfPage\":{\"@id\":\"https:\\\/\\\/turismo.benicassim.es\\\/va\\\/benicassim-es-prepara-per-a-celebrar-la-nit-de-sant-joan-amb-una-programacio-festiva-amb-el-foc-laigua-i-la-tradicio-com-a-protagonistes\\\/\"},\"wordCount\":388,\"image\":{\"@id\":\"https:\\\/\\\/turismo.benicassim.es\\\/va\\\/benicassim-es-prepara-per-a-celebrar-la-nit-de-sant-joan-amb-una-programacio-festiva-amb-el-foc-laigua-i-la-tradicio-com-a-protagonistes\\\/#primaryimage\"},\"thumbnailUrl\":\"https:\\\/\\\/turismo.benicassim.es\\\/wp-content\\\/uploads\\\/2024\\\/06\\\/cartel-Noche-san-juan-23-junio.jpeg\",\"articleSection\":[\"Uncategorized @va\"],\"inLanguage\":\"ca-CA\"},{\"@type\":\"WebPage\",\"@id\":\"https:\\\/\\\/turismo.benicassim.es\\\/va\\\/benicassim-es-prepara-per-a-celebrar-la-nit-de-sant-joan-amb-una-programacio-festiva-amb-el-foc-laigua-i-la-tradicio-com-a-protagonistes\\\/\",\"url\":\"https:\\\/\\\/turismo.benicassim.es\\\/va\\\/benicassim-es-prepara-per-a-celebrar-la-nit-de-sant-joan-amb-una-programacio-festiva-amb-el-foc-laigua-i-la-tradicio-com-a-protagonistes\\\/\",\"name\":\"Benic\u00e0ssim es prepara per a celebrar la nit de Sant Joan amb una programaci\u00f3 festiva amb el foc, l'aigua i la tradici\u00f3 com a protagonistes - Benic\u00e0ssim Turismo\",\"isPartOf\":{\"@id\":\"https:\\\/\\\/turismo.benicassim.es\\\/va\\\/#website\"},\"primaryImageOfPage\":{\"@id\":\"https:\\\/\\\/turismo.benicassim.es\\\/va\\\/benicassim-es-prepara-per-a-celebrar-la-nit-de-sant-joan-amb-una-programacio-festiva-amb-el-foc-laigua-i-la-tradicio-com-a-protagonistes\\\/#primaryimage\"},\"image\":{\"@id\":\"https:\\\/\\\/turismo.benicassim.es\\\/va\\\/benicassim-es-prepara-per-a-celebrar-la-nit-de-sant-joan-amb-una-programacio-festiva-amb-el-foc-laigua-i-la-tradicio-com-a-protagonistes\\\/#primaryimage\"},\"thumbnailUrl\":\"https:\\\/\\\/turismo.benicassim.es\\\/wp-content\\\/uploads\\\/2024\\\/06\\\/cartel-Noche-san-juan-23-junio.jpeg\",\"datePublished\":\"2024-06-19T06:23:21+00:00\",\"dateModified\":\"2024-06-19T06:27:10+00:00\",\"author\":{\"@id\":\"https:\\\/\\\/turismo.benicassim.es\\\/va\\\/#\\\/schema\\\/person\\\/ceee501537d8199545bc256db59f4382\"},\"breadcrumb\":{\"@id\":\"https:\\\/\\\/turismo.benicassim.es\\\/va\\\/benicassim-es-prepara-per-a-celebrar-la-nit-de-sant-joan-amb-una-programacio-festiva-amb-el-foc-laigua-i-la-tradicio-com-a-protagonistes\\\/#breadcrumb\"},\"inLanguage\":\"ca-CA\",\"potentialAction\":[{\"@type\":\"ReadAction\",\"target\":[\"https:\\\/\\\/turismo.benicassim.es\\\/va\\\/benicassim-es-prepara-per-a-celebrar-la-nit-de-sant-joan-amb-una-programacio-festiva-amb-el-foc-laigua-i-la-tradicio-com-a-protagonistes\\\/\"]}]},{\"@type\":\"ImageObject\",\"inLanguage\":\"ca-CA\",\"@id\":\"https:\\\/\\\/turismo.benicassim.es\\\/va\\\/benicassim-es-prepara-per-a-celebrar-la-nit-de-sant-joan-amb-una-programacio-festiva-amb-el-foc-laigua-i-la-tradicio-com-a-protagonistes\\\/#primaryimage\",\"url\":\"https:\\\/\\\/turismo.benicassim.es\\\/wp-content\\\/uploads\\\/2024\\\/06\\\/cartel-Noche-san-juan-23-junio.jpeg\",\"contentUrl\":\"https:\\\/\\\/turismo.benicassim.es\\\/wp-content\\\/uploads\\\/2024\\\/06\\\/cartel-Noche-san-juan-23-junio.jpeg\",\"width\":1080,\"height\":1350},{\"@type\":\"BreadcrumbList\",\"@id\":\"https:\\\/\\\/turismo.benicassim.es\\\/va\\\/benicassim-es-prepara-per-a-celebrar-la-nit-de-sant-joan-amb-una-programacio-festiva-amb-el-foc-laigua-i-la-tradicio-com-a-protagonistes\\\/#breadcrumb\",\"itemListElement\":[{\"@type\":\"ListItem\",\"position\":1,\"name\":\"Inicio\",\"item\":\"https:\\\/\\\/turismo.benicassim.es\\\/va\\\/\"},{\"@type\":\"ListItem\",\"position\":2,\"name\":\"Benic\u00e0ssim es prepara per a celebrar la nit de Sant Joan amb una programaci\u00f3 festiva amb el foc, l&#8217;aigua i la tradici\u00f3 com a protagonistes\"}]},{\"@type\":\"WebSite\",\"@id\":\"https:\\\/\\\/turismo.benicassim.es\\\/va\\\/#website\",\"url\":\"https:\\\/\\\/turismo.benicassim.es\\\/va\\\/\",\"name\":\"Benic\u00e0ssim Turismo\",\"description\":\"Web de informaci\u00f3n de Turismo en Benicasim\",\"potentialAction\":[{\"@type\":\"SearchAction\",\"target\":{\"@type\":\"EntryPoint\",\"urlTemplate\":\"https:\\\/\\\/turismo.benicassim.es\\\/va\\\/?s={search_term_string}\"},\"query-input\":{\"@type\":\"PropertyValueSpecification\",\"valueRequired\":true,\"valueName\":\"search_term_string\"}}],\"inLanguage\":\"ca-CA\"},{\"@type\":\"Person\",\"@id\":\"https:\\\/\\\/turismo.benicassim.es\\\/va\\\/#\\\/schema\\\/person\\\/ceee501537d8199545bc256db59f4382\",\"name\":\"Soco Remon\",\"image\":{\"@type\":\"ImageObject\",\"inLanguage\":\"ca-CA\",\"@id\":\"https:\\\/\\\/secure.gravatar.com\\\/avatar\\\/de2e90fcd62e8b4bcc0f1ce4db9ff16be65f58dc2e530381531c6ece90049a18?s=96&d=mm&r=g\",\"url\":\"https:\\\/\\\/secure.gravatar.com\\\/avatar\\\/de2e90fcd62e8b4bcc0f1ce4db9ff16be65f58dc2e530381531c6ece90049a18?s=96&d=mm&r=g\",\"contentUrl\":\"https:\\\/\\\/secure.gravatar.com\\\/avatar\\\/de2e90fcd62e8b4bcc0f1ce4db9ff16be65f58dc2e530381531c6ece90049a18?s=96&d=mm&r=g\",\"caption\":\"Soco Remon\"},\"url\":\"https:\\\/\\\/turismo.benicassim.es\\\/va\\\/author\\\/sremon\\\/\"}]}<\/script>\n<!-- \/ Yoast SEO plugin. -->","yoast_head_json":{"title":"Benic\u00e0ssim es prepara per a celebrar la nit de Sant Joan amb una programaci\u00f3 festiva amb el foc, l'aigua i la tradici\u00f3 com a protagonistes - Benic\u00e0ssim Turismo","robots":{"index":"index","follow":"follow","max-snippet":"max-snippet:-1","max-image-preview":"max-image-preview:large","max-video-preview":"max-video-preview:-1"},"canonical":"https:\/\/turismo.benicassim.es\/va\/benicassim-es-prepara-per-a-celebrar-la-nit-de-sant-joan-amb-una-programacio-festiva-amb-el-foc-laigua-i-la-tradicio-com-a-protagonistes\/","og_locale":"en_US","og_type":"article","og_title":"Benic\u00e0ssim es prepara per a celebrar la nit de Sant Joan amb una programaci\u00f3 festiva amb el foc, l'aigua i la tradici\u00f3 com a protagonistes - Benic\u00e0ssim Turismo","og_description":"El consistori ha impulsat l&#8217;ampliant el servici d&#8217;autobusos facilitant l&#8217;acc\u00e9s durant la celebraci\u00f3 per a millorar mobilitat, la seguretat i la comoditat en els despla\u00e7aments dels ve\u00efns. Benic\u00e0ssim, 18 de juny de 2024 La localitat de Benic\u00e0ssim es prepara per a viure la nit m\u00e9s curta de l&#8217;any amb una programaci\u00f3 especial per a la [&hellip;]","og_url":"https:\/\/turismo.benicassim.es\/va\/benicassim-es-prepara-per-a-celebrar-la-nit-de-sant-joan-amb-una-programacio-festiva-amb-el-foc-laigua-i-la-tradicio-com-a-protagonistes\/","og_site_name":"Benic\u00e0ssim Turismo","article_published_time":"2024-06-19T06:23:21+00:00","article_modified_time":"2024-06-19T06:27:10+00:00","og_image":[{"width":1080,"height":1350,"url":"https:\/\/turismo.benicassim.es\/wp-content\/uploads\/2024\/06\/cartel-Noche-san-juan-23-junio.jpeg","type":"image\/jpeg"}],"author":"Soco Remon","twitter_card":"summary_large_image","twitter_misc":{"Written by":"Soco Remon","Est. reading time":"3 minutes"},"schema":{"@context":"https:\/\/schema.org","@graph":[{"@type":"Article","@id":"https:\/\/turismo.benicassim.es\/va\/benicassim-es-prepara-per-a-celebrar-la-nit-de-sant-joan-amb-una-programacio-festiva-amb-el-foc-laigua-i-la-tradicio-com-a-protagonistes\/#article","isPartOf":{"@id":"https:\/\/turismo.benicassim.es\/va\/benicassim-es-prepara-per-a-celebrar-la-nit-de-sant-joan-amb-una-programacio-festiva-amb-el-foc-laigua-i-la-tradicio-com-a-protagonistes\/"},"author":{"name":"Soco Remon","@id":"https:\/\/turismo.benicassim.es\/va\/#\/schema\/person\/ceee501537d8199545bc256db59f4382"},"headline":"Benic\u00e0ssim es prepara per a celebrar la nit de Sant Joan amb una programaci\u00f3 festiva amb el foc, l&#8217;aigua i la tradici\u00f3 com a protagonistes","datePublished":"2024-06-19T06:23:21+00:00","dateModified":"2024-06-19T06:27:10+00:00","mainEntityOfPage":{"@id":"https:\/\/turismo.benicassim.es\/va\/benicassim-es-prepara-per-a-celebrar-la-nit-de-sant-joan-amb-una-programacio-festiva-amb-el-foc-laigua-i-la-tradicio-com-a-protagonistes\/"},"wordCount":388,"image":{"@id":"https:\/\/turismo.benicassim.es\/va\/benicassim-es-prepara-per-a-celebrar-la-nit-de-sant-joan-amb-una-programacio-festiva-amb-el-foc-laigua-i-la-tradicio-com-a-protagonistes\/#primaryimage"},"thumbnailUrl":"https:\/\/turismo.benicassim.es\/wp-content\/uploads\/2024\/06\/cartel-Noche-san-juan-23-junio.jpeg","articleSection":["Uncategorized @va"],"inLanguage":"ca-CA"},{"@type":"WebPage","@id":"https:\/\/turismo.benicassim.es\/va\/benicassim-es-prepara-per-a-celebrar-la-nit-de-sant-joan-amb-una-programacio-festiva-amb-el-foc-laigua-i-la-tradicio-com-a-protagonistes\/","url":"https:\/\/turismo.benicassim.es\/va\/benicassim-es-prepara-per-a-celebrar-la-nit-de-sant-joan-amb-una-programacio-festiva-amb-el-foc-laigua-i-la-tradicio-com-a-protagonistes\/","name":"Benic\u00e0ssim es prepara per a celebrar la nit de Sant Joan amb una programaci\u00f3 festiva amb el foc, l'aigua i la tradici\u00f3 com a protagonistes - Benic\u00e0ssim Turismo","isPartOf":{"@id":"https:\/\/turismo.benicassim.es\/va\/#website"},"primaryImageOfPage":{"@id":"https:\/\/turismo.benicassim.es\/va\/benicassim-es-prepara-per-a-celebrar-la-nit-de-sant-joan-amb-una-programacio-festiva-amb-el-foc-laigua-i-la-tradicio-com-a-protagonistes\/#primaryimage"},"image":{"@id":"https:\/\/turismo.benicassim.es\/va\/benicassim-es-prepara-per-a-celebrar-la-nit-de-sant-joan-amb-una-programacio-festiva-amb-el-foc-laigua-i-la-tradicio-com-a-protagonistes\/#primaryimage"},"thumbnailUrl":"https:\/\/turismo.benicassim.es\/wp-content\/uploads\/2024\/06\/cartel-Noche-san-juan-23-junio.jpeg","datePublished":"2024-06-19T06:23:21+00:00","dateModified":"2024-06-19T06:27:10+00:00","author":{"@id":"https:\/\/turismo.benicassim.es\/va\/#\/schema\/person\/ceee501537d8199545bc256db59f4382"},"breadcrumb":{"@id":"https:\/\/turismo.benicassim.es\/va\/benicassim-es-prepara-per-a-celebrar-la-nit-de-sant-joan-amb-una-programacio-festiva-amb-el-foc-laigua-i-la-tradicio-com-a-protagonistes\/#breadcrumb"},"inLanguage":"ca-CA","potentialAction":[{"@type":"ReadAction","target":["https:\/\/turismo.benicassim.es\/va\/benicassim-es-prepara-per-a-celebrar-la-nit-de-sant-joan-amb-una-programacio-festiva-amb-el-foc-laigua-i-la-tradicio-com-a-protagonistes\/"]}]},{"@type":"ImageObject","inLanguage":"ca-CA","@id":"https:\/\/turismo.benicassim.es\/va\/benicassim-es-prepara-per-a-celebrar-la-nit-de-sant-joan-amb-una-programacio-festiva-amb-el-foc-laigua-i-la-tradicio-com-a-protagonistes\/#primaryimage","url":"https:\/\/turismo.benicassim.es\/wp-content\/uploads\/2024\/06\/cartel-Noche-san-juan-23-junio.jpeg","contentUrl":"https:\/\/turismo.benicassim.es\/wp-content\/uploads\/2024\/06\/cartel-Noche-san-juan-23-junio.jpeg","width":1080,"height":1350},{"@type":"BreadcrumbList","@id":"https:\/\/turismo.benicassim.es\/va\/benicassim-es-prepara-per-a-celebrar-la-nit-de-sant-joan-amb-una-programacio-festiva-amb-el-foc-laigua-i-la-tradicio-com-a-protagonistes\/#breadcrumb","itemListElement":[{"@type":"ListItem","position":1,"name":"Inicio","item":"https:\/\/turismo.benicassim.es\/va\/"},{"@type":"ListItem","position":2,"name":"Benic\u00e0ssim es prepara per a celebrar la nit de Sant Joan amb una programaci\u00f3 festiva amb el foc, l&#8217;aigua i la tradici\u00f3 com a protagonistes"}]},{"@type":"WebSite","@id":"https:\/\/turismo.benicassim.es\/va\/#website","url":"https:\/\/turismo.benicassim.es\/va\/","name":"Benic\u00e0ssim Turismo","description":"Web de informaci\u00f3n de Turismo en Benicasim","potentialAction":[{"@type":"SearchAction","target":{"@type":"EntryPoint","urlTemplate":"https:\/\/turismo.benicassim.es\/va\/?s={search_term_string}"},"query-input":{"@type":"PropertyValueSpecification","valueRequired":true,"valueName":"search_term_string"}}],"inLanguage":"ca-CA"},{"@type":"Person","@id":"https:\/\/turismo.benicassim.es\/va\/#\/schema\/person\/ceee501537d8199545bc256db59f4382","name":"Soco Remon","image":{"@type":"ImageObject","inLanguage":"ca-CA","@id":"https:\/\/secure.gravatar.com\/avatar\/de2e90fcd62e8b4bcc0f1ce4db9ff16be65f58dc2e530381531c6ece90049a18?s=96&d=mm&r=g","url":"https:\/\/secure.gravatar.com\/avatar\/de2e90fcd62e8b4bcc0f1ce4db9ff16be65f58dc2e530381531c6ece90049a18?s=96&d=mm&r=g","contentUrl":"https:\/\/secure.gravatar.com\/avatar\/de2e90fcd62e8b4bcc0f1ce4db9ff16be65f58dc2e530381531c6ece90049a18?s=96&d=mm&r=g","caption":"Soco Remon"},"url":"https:\/\/turismo.benicassim.es\/va\/author\/sremon\/"}]}},"_links":{"self":[{"href":"https:\/\/turismo.benicassim.es\/va\/wp-json\/wp\/v2\/posts\/76405","targetHints":{"allow":["GET"]}}],"collection":[{"href":"https:\/\/turismo.benicassim.es\/va\/wp-json\/wp\/v2\/posts"}],"about":[{"href":"https:\/\/turismo.benicassim.es\/va\/wp-json\/wp\/v2\/types\/post"}],"author":[{"embeddable":true,"href":"https:\/\/turismo.benicassim.es\/va\/wp-json\/wp\/v2\/users\/7"}],"replies":[{"embeddable":true,"href":"https:\/\/turismo.benicassim.es\/va\/wp-json\/wp\/v2\/comments?post=76405"}],"version-history":[{"count":3,"href":"https:\/\/turismo.benicassim.es\/va\/wp-json\/wp\/v2\/posts\/76405\/revisions"}],"predecessor-version":[{"id":76408,"href":"https:\/\/turismo.benicassim.es\/va\/wp-json\/wp\/v2\/posts\/76405\/revisions\/76408"}],"wp:featuredmedia":[{"embeddable":true,"href":"https:\/\/turismo.benicassim.es\/va\/wp-json\/wp\/v2\/media\/76140"}],"wp:attachment":[{"href":"https:\/\/turismo.benicassim.es\/va\/wp-json\/wp\/v2\/media?parent=76405"}],"wp:term":[{"taxonomy":"category","embeddable":true,"href":"https:\/\/turismo.benicassim.es\/va\/wp-json\/wp\/v2\/categories?post=76405"},{"taxonomy":"post_tag","embeddable":true,"href":"https:\/\/turismo.benicassim.es\/va\/wp-json\/wp\/v2\/tags?post=76405"}],"curies":[{"name":"wp","href":"https:\/\/api.w.org\/{rel}","templated":true}]}}